{"id":81502,"date":"2024-11-20T13:59:49","date_gmt":"2024-11-20T12:59:49","guid":{"rendered":"https:\/\/matuile.com\/media\/?p=81502"},"modified":"2024-11-27T21:28:37","modified_gmt":"2024-11-27T20:28:37","slug":"delai-prescription-facture-professionnel-particulier","status":"publish","type":"post","link":"https:\/\/matuile.com\/media\/delai-prescription-facture-professionnel-particulier\/","title":{"rendered":"Quel est le d\u00e9lai de prescription pour une facture entre professionnel et particulier ?"},"content":{"rendered":"<p style=\"font-size:16px;font-style:normal;font-weight:100\">Dans les relations commerciales, il est essentiel de conna\u00eetre les r\u00e8gles de prescription applicables aux cr\u00e9ances afin de savoir dans quel d\u00e9lai il est possible d&rsquo;engager des actions en justice pour <strong><a href=\"https:\/\/matuile.com\/media\/huissier-pour-recouvrement-de-creance\/\">recouvrer une facture impay\u00e9e<\/a><\/strong>. Les d\u00e9lais varient en fonction de la nature des parties impliqu\u00e9es : lorsqu\u2019une <strong>facture<\/strong> est \u00e9chang\u00e9e entre un <strong>professionnel<\/strong> (entreprise, artisan, commer\u00e7ant) et un <strong>particulier<\/strong> (consommateur), le <strong>d\u00e9lai de prescription<\/strong> est diff\u00e9rent de celui applicable aux transactions entre professionnels. Cet article vous \u00e9claire sur la <strong>prescription des factures<\/strong> dans ce contexte particulier tout en fournissant des conseils pour maximiser vos chances de recouvrement.<\/p><div style=\"height:10px\" aria-hidden=\"true\" class=\"wp-block-spacer\"><\/div><h2 class=\"wp-block-heading\" style=\"font-style:normal;font-weight:700\">1. La notion de prescription en mati\u00e8re de cr\u00e9ances<\/h2><p style=\"font-size:16px;font-style:normal;font-weight:100\">La <strong>prescription extinctive<\/strong> est un principe juridique selon lequel un cr\u00e9ancier perd son droit d&rsquo;agir en justice pour exiger le paiement d\u2019une dette apr\u00e8s un certain laps de temps. Pass\u00e9 ce d\u00e9lai, m\u00eame si la dette reste due, le d\u00e9biteur peut invoquer la prescription pour bloquer toute action judiciaire. L&rsquo;objectif est de garantir la s\u00e9curit\u00e9 juridique des transactions, en \u00e9vitant que des dettes ne p\u00e8sent ind\u00e9finiment sur les d\u00e9biteurs.<\/p><div style=\"height:10px\" aria-hidden=\"true\" class=\"wp-block-spacer\"><\/div><h2 class=\"wp-block-heading\" style=\"font-style:normal;font-weight:700\">2. D\u00e9lai de prescription pour un facture entre un professionnel et un particulier<\/h2><p style=\"font-size:16px;font-style:normal;font-weight:100\">Lorsqu&rsquo;un <strong>professionnel<\/strong> \u00e9met une <strong>facture<\/strong> \u00e0 l&rsquo;encontre d&rsquo;un <strong>particulier<\/strong> (consommateur), le <strong>d\u00e9lai de prescription<\/strong> est encadr\u00e9 par le <strong>Code de la consommation<\/strong>. En France, ce d\u00e9lai est fix\u00e9 \u00e0 <strong>2 ans<\/strong>, conform\u00e9ment \u00e0 l\u2019<strong><a href=\"https:\/\/www.legifrance.gouv.fr\/codes\/article_lc\/LEGIARTI000032226897\">article L. 218-2 du Code de la consommation<\/a><\/strong>. Cela signifie que le professionnel dispose de <strong>2 ans<\/strong> pour r\u00e9clamer en justice le paiement d\u2019une facture impay\u00e9e \u00e0 compter de la date d\u2019exigibilit\u00e9 de la cr\u00e9ance.<\/p><p style=\"font-size:16px;font-style:normal;font-weight:100\">Exemple : si un artisan r\u00e9alise des travaux pour un particulier et \u00e9met une facture dat\u00e9e du <strong>1<sup>er<\/sup> janvier 2024<\/strong> avec un d\u00e9lai de paiement de 30 jours, le cr\u00e9ancier (l\u2019artisan) aura jusqu\u2019au <strong>31 janvier 2026<\/strong> pour engager une action en justice si la facture reste impay\u00e9e. Apr\u00e8s ce d\u00e9lai, la dette sera <strong>prescrite<\/strong>, et le professionnel ne pourra plus la faire valoir devant les tribunaux.<\/p><div style=\"height:10px\" aria-hidden=\"true\" class=\"wp-block-spacer\"><\/div><h2 class=\"wp-block-heading\" style=\"font-style:normal;font-weight:700\">3. Calcul du point de d\u00e9part du d\u00e9lai de prescription<\/h2><p style=\"font-size:16px;font-style:normal;font-weight:100\">Le <strong>d\u00e9lai de prescription de 2 ans<\/strong> commence \u00e0 courir d\u00e8s que la <strong>facture entre particulier et professionnel<\/strong> devient <strong>exigible<\/strong>, c&rsquo;est-\u00e0-dire \u00e0 la fin du <strong>d\u00e9lai<\/strong> de paiement convenu. Si la facture stipule un paiement sous 30 jours, le <strong>d\u00e9lai<\/strong> d\u00e9butera au 31<sup>\u00e8me <\/sup>jour suivant la date d\u2019\u00e9mission de la facture.<\/p><p style=\"font-size:16px;font-style:normal;font-weight:100\">Dans le cas o\u00f9 <strong>aucun d\u00e9lai de paiement<\/strong> n\u2019est mentionn\u00e9, la <strong>prescription de la facture entre particulier et professionnel<\/strong> commence d\u00e8s la livraison du bien ou la prestation du service. Il est donc crucial pour le professionnel de bien pr\u00e9ciser les conditions de paiement sur chaque facture afin de s\u00e9curiser ses droits.<\/p><div style=\"height:10px\" aria-hidden=\"true\" class=\"wp-block-spacer\"><\/div><h2 class=\"wp-block-heading\" style=\"font-style:normal;font-weight:700\">4. Interruption et suspension de la prescription<\/h2><p style=\"font-size:16px;font-style:normal;font-weight:100\">Il existe des moyens d\u2019<strong>interrompre<\/strong> ou de <strong>suspendre<\/strong> le <strong>d\u00e9lai de prescription d&rsquo;une facture entre particulier et professionnel<\/strong>, permettant ainsi au cr\u00e9ancier d&rsquo;allonger le temps dont il dispose pour recouvrer sa cr\u00e9ance.<\/p><ul class=\"wp-block-list\"><li style=\"font-size:16px;font-style:normal;font-weight:100\"><strong>Interruption<\/strong> : la prescription peut \u00eatre interrompue par des actes comme l\u2019envoi d\u2019une <strong><a href=\"https:\/\/matuile.com\/media\/mise-en-demeure\/\">mise en demeure<\/a><\/strong>, une action en justice ou le paiement partiel par le d\u00e9biteur (<strong><a href=\"https:\/\/www.legifrance.gouv.fr\/codes\/article_lc\/LEGIARTI000019017366\">article 2240 du Code civil<\/a><\/strong>). Lorsqu\u2019un tel acte est r\u00e9alis\u00e9, le <strong>d\u00e9lai de 2 ans<\/strong> repart \u00e0 z\u00e9ro.<\/li>\n\n<li style=\"font-size:16px;font-style:normal;font-weight:100\"><strong>Suspension<\/strong> : le d\u00e9lai de prescription peut \u00eatre suspendu en cas d\u2019obstacles insurmontables, comme un cas de force majeure, des n\u00e9gociations amiables, ou encore des proc\u00e9dures de m\u00e9diation (<strong><a href=\"https:\/\/www.legifrance.gouv.fr\/codes\/article_lc\/LEGIARTI000019017345\">article 2234 du Code civil<\/a><\/strong>) Idem en cas de m\u00e9diation ou conciliation (<strong><a href=\"https:\/\/www.legifrance.gouv.fr\/codes\/article_lc\/LEGIARTI000032042671\">article 2238 du Code civil<\/a><\/strong>). Contrairement \u00e0 l&rsquo;interruption, la suspension met simplement le d\u00e9lai en pause, sans le r\u00e9initialiser.<\/li><\/ul><div style=\"height:30px\" aria-hidden=\"true\" class=\"wp-block-spacer\"><\/div><p style=\"font-size:16px;font-style:normal;font-weight:100\"><strong>Exemple d\u2019interruption<\/strong> : si un commer\u00e7ant envoie une mise en demeure au particulier 18 mois apr\u00e8s la date d\u2019\u00e9ch\u00e9ance de la facture, le d\u00e9lai de prescription sera interrompu et un nouveau d\u00e9lai de 2 ans commencera \u00e0 courir \u00e0 partir de la date de la mise en demeure.<\/p><div style=\"height:10px\" aria-hidden=\"true\" class=\"wp-block-spacer\"><\/div><h2 class=\"wp-block-heading\" style=\"font-style:normal;font-weight:700\">5. Que faire si le d\u00e9lai de prescription est d\u00e9pass\u00e9 ?<\/h2><p style=\"font-size:16px;font-style:normal;font-weight:100\">Une fois le d\u00e9lai de prescription de <strong>2 ans<\/strong> expir\u00e9, le cr\u00e9ancier perd le droit d&rsquo;agir en justice pour obtenir le paiement. Toutefois, cela n&rsquo;efface pas la dette elle-m\u00eame : le particulier peut encore choisir de r\u00e9gler la somme due mais il ne peut plus \u00eatre contraint de le faire par voie judiciaire.<\/p><p style=\"font-size:16px;font-style:normal;font-weight:100\">Dans ce cas, le professionnel peut toujours <strong>tenter une n\u00e9gociation \u00e0 l\u2019amiable<\/strong> pour obtenir le paiement. Si le d\u00e9biteur est dispos\u00e9 \u00e0 r\u00e9gler sa dette, m\u00eame apr\u00e8s la prescription, cela peut pr\u00e9server la relation commerciale.<\/p><div style=\"height:30px\" aria-hidden=\"true\" class=\"wp-block-spacer\"><\/div><h2 class=\"wp-block-heading\" style=\"font-style:normal;font-weight:700\">6. Bonnes pratiques pour \u00e9viter la prescription<\/h2><p style=\"font-size:16px;font-style:normal;font-weight:100\">Pour \u00e9viter de se retrouver face \u00e0 une cr\u00e9ance prescrite, les professionnels peuvent suivre certaines <strong>bonnes pratiques<\/strong> :<\/p><ul class=\"wp-block-list\"><li style=\"font-size:16px;font-style:normal;font-weight:100\"><strong>Suivre de pr\u00e8s les \u00e9ch\u00e9ances de paiement<\/strong> : mettre en place un syst\u00e8me de relance automatis\u00e9e pour d\u00e9tecter les retards.<\/li>\n\n<li style=\"font-size:16px;font-style:normal;font-weight:100\"><strong>Envoyer des mises en demeure<\/strong> : en cas de retard de paiement, une lettre recommand\u00e9e avec accus\u00e9 de r\u00e9ception permet d&rsquo;interrompre la prescription.<\/li>\n\n<li style=\"font-size:16px;font-style:normal;font-weight:100\"><strong>Agir rapidement en cas d&rsquo;impay\u00e9<\/strong> : n\u2019attendez pas que le d\u00e9lai de 2 ans soit presque \u00e9coul\u00e9 pour engager des actions judiciaires.<\/li>\n\n<li style=\"font-size:16px;font-style:normal;font-weight:100\"><strong>Conserver les preuves de la cr\u00e9ance<\/strong> : garder une trace \u00e9crite des \u00e9changes, contrats, bons de commande, etc., pour prouver l\u2019existence de la dette en cas de litige.<\/li><\/ul><div style=\"height:30px\" aria-hidden=\"true\" class=\"wp-block-spacer\"><\/div><h2 class=\"wp-block-heading\" style=\"font-style:normal;font-weight:700\">7. Cas particuliers : contrats \u00e0 ex\u00e9cution successive<\/h2><p style=\"font-size:16px;font-style:normal;font-weight:100\">Dans le cadre des <strong>contrats \u00e0 ex\u00e9cution successive<\/strong> (comme les abonnements ou les prestations mensuelles), chaque facture est soumise \u00e0 son propre d\u00e9lai de prescription de 2 ans. Par cons\u00e9quent, si certaines factures sont anciennes et prescrites, d\u2019autres plus r\u00e9centes peuvent encore \u00eatre recouvr\u00e9es.<\/p><div style=\"height:50px\" aria-hidden=\"true\" class=\"wp-block-spacer\"><\/div><p style=\"font-size:16px;font-style:normal;font-weight:100\">En conclusion, le <strong>d\u00e9lai de prescription pour une facture entre un professionnel et un particulier<\/strong> est de <strong>2 ans<\/strong> \u00e0 compter de la date d\u2019exigibilit\u00e9. Pass\u00e9 ce d\u00e9lai, le cr\u00e9ancier ne pourra plus engager d\u2019action en justice pour obtenir le paiement. Toutefois, conna\u00eetre les m\u00e9canismes d&rsquo;interruption et de suspension de la prescription peut permettre aux professionnels de prolonger leurs droits de recouvrement. En cas de doute, il est toujours recommand\u00e9 de faire appel \u00e0 un <strong>avocat sp\u00e9cialis\u00e9<\/strong> ou \u00e0 un <strong><a href=\"https:\/\/matuile.com\/media\/huissier-de-justice-autour-de-moi\/\">commissaire de justice<\/a><\/strong> pour obtenir des conseils adapt\u00e9s \u00e0 chaque situation.<\/p><div style=\"height:100px\" aria-hidden=\"true\" class=\"wp-block-spacer\"><\/div><hr class=\"wp-block-separator has-alpha-channel-opacity\"\/>","protected":false},"excerpt":{"rendered":"<p>Dans les relations commerciales, il est essentiel de conna\u00eetre les r\u00e8gles de prescription applicables aux cr\u00e9ances afin de savoir dans quel d\u00e9lai&#8230;<\/p>\n","protected":false},"author":9,"featured_media":81725,"comment_status":"open","ping_status":"open","sticky":false,"template":"","format":"standard","meta":{"inline_featured_image":false,"footnotes":""},"categories":[256,339],"tags":[290,261,288,263,289,330,264,267,259,262,274,275,273,276,292,293,294,271,291,287],"class_list":{"0":"post-81502","1":"post","2":"type-post","3":"status-publish","4":"format-standard","5":"has-post-thumbnail","7":"category-impayes","8":"category-prescription-des-dettes","9":"tag-constat","10":"tag-delai-preavis","11":"tag-garantie-judiciaire","12":"tag-garantie-loyer","13":"tag-huissier","14":"tag-impayes-acte-de-procedure","15":"tag-loyer","16":"tag-procedure","17":"tag-procedure-judiciaire","18":"tag-procedure-juridique-location","19":"tag-recouvrement-amiable","20":"tag-recouvrement-judiciaire","21":"tag-saisie","22":"tag-saisie-administrative-a-tiers-detenteur","23":"tag-saisie-compte-bancaire","24":"tag-saisie-de-meubles","25":"tag-saisie-sur-salaire","26":"tag-saisie-vehicule","27":"tag-signification-dacte","28":"tag-tribunal"},"acf":[],"yoast_head":"<!-- This site is optimized with the Yoast SEO plugin v27.5 - https:\/\/yoast.com\/product\/yoast-seo-wordpress\/ -->\n<title>D\u00e9lai Prescription pour une facture entre professionnel et particulier<\/title>\n<meta name=\"description\" content=\"Quel est le d\u00e9lai de prescription d&#039;une facture entre un particulier et un professionnel ? Est-ce que je ne dois plus rien apr\u00e8s ce d\u00e9lai ?\" \/>\n<meta name=\"robots\" content=\"index, follow, max-snippet:-1, max-image-preview:large, max-video-preview:-1\" \/>\n<link rel=\"canonical\" href=\"https:\/\/matuile.com\/media\/delai-prescription-facture-professionnel-particulier\/\" \/>\n<meta property=\"og:locale\" content=\"fr_FR\" \/>\n<meta property=\"og:type\" content=\"article\" \/>\n<meta property=\"og:title\" content=\"D\u00e9lai Prescription pour une facture entre professionnel et particulier\" \/>\n<meta property=\"og:description\" content=\"Quel est le d\u00e9lai de prescription d&#039;une facture entre un particulier et un professionnel ? Est-ce que je ne dois plus rien apr\u00e8s ce d\u00e9lai ?\" \/>\n<meta property=\"og:url\" content=\"https:\/\/matuile.com\/media\/delai-prescription-facture-professionnel-particulier\/\" \/>\n<meta property=\"og:site_name\" content=\"Matuile\" \/>\n<meta property=\"article:published_time\" content=\"2024-11-20T12:59:49+00:00\" \/>\n<meta property=\"article:modified_time\" content=\"2024-11-27T20:28:37+00:00\" \/>\n<meta property=\"og:image\" content=\"https:\/\/matuile.com\/media\/wp-content\/uploads\/2024\/11\/delai-prescription-facture-particulier-professionnel.webp\" \/>\n\t<meta property=\"og:image:width\" content=\"1024\" \/>\n\t<meta property=\"og:image:height\" content=\"1024\" \/>\n\t<meta property=\"og:image:type\" content=\"image\/webp\" \/>\n<meta name=\"author\" content=\"Louise\" \/>\n<meta name=\"twitter:card\" content=\"summary_large_image\" \/>\n<meta name=\"twitter:label1\" content=\"\u00c9crit par\" \/>\n\t<meta name=\"twitter:data1\" content=\"Louise\" \/>\n\t<meta name=\"twitter:label2\" content=\"Dur\u00e9e de lecture estim\u00e9e\" \/>\n\t<meta name=\"twitter:data2\" content=\"6 minutes\" \/>\n<script type=\"application\/ld+json\" class=\"yoast-schema-graph\">{\"@context\":\"https:\\\/\\\/schema.org\",\"@graph\":[{\"@type\":\"Article\",\"@id\":\"https:\\\/\\\/matuile.com\\\/media\\\/delai-prescription-facture-professionnel-particulier\\\/#article\",\"isPartOf\":{\"@id\":\"https:\\\/\\\/matuile.com\\\/media\\\/delai-prescription-facture-professionnel-particulier\\\/\"},\"author\":{\"name\":\"Louise\",\"@id\":\"https:\\\/\\\/matuile.com\\\/media\\\/#\\\/schema\\\/person\\\/4bba03e6b777a11b3237934070018534\"},\"headline\":\"Quel est le d\u00e9lai de prescription pour une facture entre professionnel et particulier ?\",\"datePublished\":\"2024-11-20T12:59:49+00:00\",\"dateModified\":\"2024-11-27T20:28:37+00:00\",\"mainEntityOfPage\":{\"@id\":\"https:\\\/\\\/matuile.com\\\/media\\\/delai-prescription-facture-professionnel-particulier\\\/\"},\"wordCount\":1067,\"commentCount\":0,\"publisher\":{\"@id\":\"https:\\\/\\\/matuile.com\\\/media\\\/#organization\"},\"image\":{\"@id\":\"https:\\\/\\\/matuile.com\\\/media\\\/delai-prescription-facture-professionnel-particulier\\\/#primaryimage\"},\"thumbnailUrl\":\"https:\\\/\\\/matuile.com\\\/media\\\/wp-content\\\/uploads\\\/2024\\\/11\\\/delai-prescription-facture-particulier-professionnel.webp\",\"keywords\":[\"constat\",\"d\u00e9lai pr\u00e9avis\",\"garantie judiciaire\",\"garantie loyer\",\"huissier\",\"Impay\u00e9s acte de proc\u00e9dure\",\"loyer\",\"proc\u00e9dure\",\"proc\u00e9dure judiciaire\",\"proc\u00e9dure juridique location\",\"recouvrement amiable\",\"recouvrement judiciaire\",\"saisie\",\"saisie administrative \u00e0 tiers d\u00e9tenteur\",\"saisie compte bancaire\",\"saisie de meubles\",\"saisie sur salaire\",\"saisie v\u00e9hicule\",\"signification d'acte\",\"tribunal\"],\"articleSection\":[\"Impay\u00e9s\",\"Prescription des dettes\"],\"inLanguage\":\"fr-FR\",\"potentialAction\":[{\"@type\":\"CommentAction\",\"name\":\"Comment\",\"target\":[\"https:\\\/\\\/matuile.com\\\/media\\\/delai-prescription-facture-professionnel-particulier\\\/#respond\"]}]},{\"@type\":\"WebPage\",\"@id\":\"https:\\\/\\\/matuile.com\\\/media\\\/delai-prescription-facture-professionnel-particulier\\\/\",\"url\":\"https:\\\/\\\/matuile.com\\\/media\\\/delai-prescription-facture-professionnel-particulier\\\/\",\"name\":\"D\u00e9lai Prescription pour une facture entre professionnel et particulier\",\"isPartOf\":{\"@id\":\"https:\\\/\\\/matuile.com\\\/media\\\/#website\"},\"primaryImageOfPage\":{\"@id\":\"https:\\\/\\\/matuile.com\\\/media\\\/delai-prescription-facture-professionnel-particulier\\\/#primaryimage\"},\"image\":{\"@id\":\"https:\\\/\\\/matuile.com\\\/media\\\/delai-prescription-facture-professionnel-particulier\\\/#primaryimage\"},\"thumbnailUrl\":\"https:\\\/\\\/matuile.com\\\/media\\\/wp-content\\\/uploads\\\/2024\\\/11\\\/delai-prescription-facture-particulier-professionnel.webp\",\"datePublished\":\"2024-11-20T12:59:49+00:00\",\"dateModified\":\"2024-11-27T20:28:37+00:00\",\"description\":\"Quel est le d\u00e9lai de prescription d'une facture entre un particulier et un professionnel ? Est-ce que je ne dois plus rien apr\u00e8s ce d\u00e9lai ?\",\"breadcrumb\":{\"@id\":\"https:\\\/\\\/matuile.com\\\/media\\\/delai-prescription-facture-professionnel-particulier\\\/#breadcrumb\"},\"inLanguage\":\"fr-FR\",\"potentialAction\":[{\"@type\":\"ReadAction\",\"target\":[\"https:\\\/\\\/matuile.com\\\/media\\\/delai-prescription-facture-professionnel-particulier\\\/\"]}]},{\"@type\":\"ImageObject\",\"inLanguage\":\"fr-FR\",\"@id\":\"https:\\\/\\\/matuile.com\\\/media\\\/delai-prescription-facture-professionnel-particulier\\\/#primaryimage\",\"url\":\"https:\\\/\\\/matuile.com\\\/media\\\/wp-content\\\/uploads\\\/2024\\\/11\\\/delai-prescription-facture-particulier-professionnel.webp\",\"contentUrl\":\"https:\\\/\\\/matuile.com\\\/media\\\/wp-content\\\/uploads\\\/2024\\\/11\\\/delai-prescription-facture-particulier-professionnel.webp\",\"width\":1024,\"height\":1024,\"caption\":\"Un homme examine ses comptes pour comprendre le d\u00e9lai de prescription applicable \u00e0 une facture entre particulier et professionnel.\"},{\"@type\":\"BreadcrumbList\",\"@id\":\"https:\\\/\\\/matuile.com\\\/media\\\/delai-prescription-facture-professionnel-particulier\\\/#breadcrumb\",\"itemListElement\":[{\"@type\":\"ListItem\",\"position\":1,\"name\":\"Accueil\",\"item\":\"https:\\\/\\\/matuile.com\\\/media\\\/\"},{\"@type\":\"ListItem\",\"position\":2,\"name\":\"Huissier de justice\",\"item\":\"https:\\\/\\\/matuile.com\\\/media\\\/category\\\/guide-huissier-de-justice\\\/\"},{\"@type\":\"ListItem\",\"position\":3,\"name\":\"Impay\u00e9s\",\"item\":\"https:\\\/\\\/matuile.com\\\/media\\\/category\\\/guide-huissier-de-justice\\\/impayes\\\/\"},{\"@type\":\"ListItem\",\"position\":4,\"name\":\"Prescription des dettes\",\"item\":\"https:\\\/\\\/matuile.com\\\/media\\\/category\\\/guide-huissier-de-justice\\\/impayes\\\/prescription-des-dettes\\\/\"},{\"@type\":\"ListItem\",\"position\":5,\"name\":\"Quel est le d\u00e9lai de prescription pour une facture entre professionnel et particulier ?\"}]},{\"@type\":\"WebSite\",\"@id\":\"https:\\\/\\\/matuile.com\\\/media\\\/#website\",\"url\":\"https:\\\/\\\/matuile.com\\\/media\\\/\",\"name\":\"Matuile Blog\",\"description\":\"La solution \u00e0 votre urgence\",\"publisher\":{\"@id\":\"https:\\\/\\\/matuile.com\\\/media\\\/#organization\"},\"alternateName\":\"Matuile\",\"potentialAction\":[{\"@type\":\"SearchAction\",\"target\":{\"@type\":\"EntryPoint\",\"urlTemplate\":\"https:\\\/\\\/matuile.com\\\/media\\\/?s={search_term_string}\"},\"query-input\":{\"@type\":\"PropertyValueSpecification\",\"valueRequired\":true,\"valueName\":\"search_term_string\"}}],\"inLanguage\":\"fr-FR\"},{\"@type\":\"Organization\",\"@id\":\"https:\\\/\\\/matuile.com\\\/media\\\/#organization\",\"name\":\"Matuile\",\"url\":\"https:\\\/\\\/matuile.com\\\/media\\\/\",\"logo\":{\"@type\":\"ImageObject\",\"inLanguage\":\"fr-FR\",\"@id\":\"https:\\\/\\\/matuile.com\\\/media\\\/#\\\/schema\\\/logo\\\/image\\\/\",\"url\":\"https:\\\/\\\/matuile.com\\\/media\\\/wp-content\\\/uploads\\\/2023\\\/04\\\/Matuile.png\",\"contentUrl\":\"https:\\\/\\\/matuile.com\\\/media\\\/wp-content\\\/uploads\\\/2023\\\/04\\\/Matuile.png\",\"width\":700,\"height\":700,\"caption\":\"Matuile\"},\"image\":{\"@id\":\"https:\\\/\\\/matuile.com\\\/media\\\/#\\\/schema\\\/logo\\\/image\\\/\"}},{\"@type\":\"Person\",\"@id\":\"https:\\\/\\\/matuile.com\\\/media\\\/#\\\/schema\\\/person\\\/4bba03e6b777a11b3237934070018534\",\"name\":\"Louise\",\"image\":{\"@type\":\"ImageObject\",\"inLanguage\":\"fr-FR\",\"@id\":\"https:\\\/\\\/secure.gravatar.com\\\/avatar\\\/5a01d57e702d222273ee3a36e4c9b4e041252db9b0a6f90d02d709d4a91d7752?s=96&d=mm&r=g\",\"url\":\"https:\\\/\\\/secure.gravatar.com\\\/avatar\\\/5a01d57e702d222273ee3a36e4c9b4e041252db9b0a6f90d02d709d4a91d7752?s=96&d=mm&r=g\",\"contentUrl\":\"https:\\\/\\\/secure.gravatar.com\\\/avatar\\\/5a01d57e702d222273ee3a36e4c9b4e041252db9b0a6f90d02d709d4a91d7752?s=96&d=mm&r=g\",\"caption\":\"Louise\"},\"url\":\"https:\\\/\\\/matuile.com\\\/media\\\/author\\\/louise\\\/\"}]}<\/script>\n<!-- \/ Yoast SEO plugin. -->","yoast_head_json":{"title":"D\u00e9lai Prescription pour une facture entre professionnel et particulier","description":"Quel est le d\u00e9lai de prescription d'une facture entre un particulier et un professionnel ? Est-ce que je ne dois plus rien apr\u00e8s ce d\u00e9lai ?","robots":{"index":"index","follow":"follow","max-snippet":"max-snippet:-1","max-image-preview":"max-image-preview:large","max-video-preview":"max-video-preview:-1"},"canonical":"https:\/\/matuile.com\/media\/delai-prescription-facture-professionnel-particulier\/","og_locale":"fr_FR","og_type":"article","og_title":"D\u00e9lai Prescription pour une facture entre professionnel et particulier","og_description":"Quel est le d\u00e9lai de prescription d'une facture entre un particulier et un professionnel ? Est-ce que je ne dois plus rien apr\u00e8s ce d\u00e9lai ?","og_url":"https:\/\/matuile.com\/media\/delai-prescription-facture-professionnel-particulier\/","og_site_name":"Matuile","article_published_time":"2024-11-20T12:59:49+00:00","article_modified_time":"2024-11-27T20:28:37+00:00","og_image":[{"width":1024,"height":1024,"url":"https:\/\/matuile.com\/media\/wp-content\/uploads\/2024\/11\/delai-prescription-facture-particulier-professionnel.webp","type":"image\/webp"}],"author":"Louise","twitter_card":"summary_large_image","twitter_misc":{"\u00c9crit par":"Louise","Dur\u00e9e de lecture estim\u00e9e":"6 minutes"},"schema":{"@context":"https:\/\/schema.org","@graph":[{"@type":"Article","@id":"https:\/\/matuile.com\/media\/delai-prescription-facture-professionnel-particulier\/#article","isPartOf":{"@id":"https:\/\/matuile.com\/media\/delai-prescription-facture-professionnel-particulier\/"},"author":{"name":"Louise","@id":"https:\/\/matuile.com\/media\/#\/schema\/person\/4bba03e6b777a11b3237934070018534"},"headline":"Quel est le d\u00e9lai de prescription pour une facture entre professionnel et particulier ?","datePublished":"2024-11-20T12:59:49+00:00","dateModified":"2024-11-27T20:28:37+00:00","mainEntityOfPage":{"@id":"https:\/\/matuile.com\/media\/delai-prescription-facture-professionnel-particulier\/"},"wordCount":1067,"commentCount":0,"publisher":{"@id":"https:\/\/matuile.com\/media\/#organization"},"image":{"@id":"https:\/\/matuile.com\/media\/delai-prescription-facture-professionnel-particulier\/#primaryimage"},"thumbnailUrl":"https:\/\/matuile.com\/media\/wp-content\/uploads\/2024\/11\/delai-prescription-facture-particulier-professionnel.webp","keywords":["constat","d\u00e9lai pr\u00e9avis","garantie judiciaire","garantie loyer","huissier","Impay\u00e9s acte de proc\u00e9dure","loyer","proc\u00e9dure","proc\u00e9dure judiciaire","proc\u00e9dure juridique location","recouvrement amiable","recouvrement judiciaire","saisie","saisie administrative \u00e0 tiers d\u00e9tenteur","saisie compte bancaire","saisie de meubles","saisie sur salaire","saisie v\u00e9hicule","signification d'acte","tribunal"],"articleSection":["Impay\u00e9s","Prescription des dettes"],"inLanguage":"fr-FR","potentialAction":[{"@type":"CommentAction","name":"Comment","target":["https:\/\/matuile.com\/media\/delai-prescription-facture-professionnel-particulier\/#respond"]}]},{"@type":"WebPage","@id":"https:\/\/matuile.com\/media\/delai-prescription-facture-professionnel-particulier\/","url":"https:\/\/matuile.com\/media\/delai-prescription-facture-professionnel-particulier\/","name":"D\u00e9lai Prescription pour une facture entre professionnel et particulier","isPartOf":{"@id":"https:\/\/matuile.com\/media\/#website"},"primaryImageOfPage":{"@id":"https:\/\/matuile.com\/media\/delai-prescription-facture-professionnel-particulier\/#primaryimage"},"image":{"@id":"https:\/\/matuile.com\/media\/delai-prescription-facture-professionnel-particulier\/#primaryimage"},"thumbnailUrl":"https:\/\/matuile.com\/media\/wp-content\/uploads\/2024\/11\/delai-prescription-facture-particulier-professionnel.webp","datePublished":"2024-11-20T12:59:49+00:00","dateModified":"2024-11-27T20:28:37+00:00","description":"Quel est le d\u00e9lai de prescription d'une facture entre un particulier et un professionnel ? Est-ce que je ne dois plus rien apr\u00e8s ce d\u00e9lai ?","breadcrumb":{"@id":"https:\/\/matuile.com\/media\/delai-prescription-facture-professionnel-particulier\/#breadcrumb"},"inLanguage":"fr-FR","potentialAction":[{"@type":"ReadAction","target":["https:\/\/matuile.com\/media\/delai-prescription-facture-professionnel-particulier\/"]}]},{"@type":"ImageObject","inLanguage":"fr-FR","@id":"https:\/\/matuile.com\/media\/delai-prescription-facture-professionnel-particulier\/#primaryimage","url":"https:\/\/matuile.com\/media\/wp-content\/uploads\/2024\/11\/delai-prescription-facture-particulier-professionnel.webp","contentUrl":"https:\/\/matuile.com\/media\/wp-content\/uploads\/2024\/11\/delai-prescription-facture-particulier-professionnel.webp","width":1024,"height":1024,"caption":"Un homme examine ses comptes pour comprendre le d\u00e9lai de prescription applicable \u00e0 une facture entre particulier et professionnel."},{"@type":"BreadcrumbList","@id":"https:\/\/matuile.com\/media\/delai-prescription-facture-professionnel-particulier\/#breadcrumb","itemListElement":[{"@type":"ListItem","position":1,"name":"Accueil","item":"https:\/\/matuile.com\/media\/"},{"@type":"ListItem","position":2,"name":"Huissier de justice","item":"https:\/\/matuile.com\/media\/category\/guide-huissier-de-justice\/"},{"@type":"ListItem","position":3,"name":"Impay\u00e9s","item":"https:\/\/matuile.com\/media\/category\/guide-huissier-de-justice\/impayes\/"},{"@type":"ListItem","position":4,"name":"Prescription des dettes","item":"https:\/\/matuile.com\/media\/category\/guide-huissier-de-justice\/impayes\/prescription-des-dettes\/"},{"@type":"ListItem","position":5,"name":"Quel est le d\u00e9lai de prescription pour une facture entre professionnel et particulier ?"}]},{"@type":"WebSite","@id":"https:\/\/matuile.com\/media\/#website","url":"https:\/\/matuile.com\/media\/","name":"Matuile Blog","description":"La solution \u00e0 votre urgence","publisher":{"@id":"https:\/\/matuile.com\/media\/#organization"},"alternateName":"Matuile","potentialAction":[{"@type":"SearchAction","target":{"@type":"EntryPoint","urlTemplate":"https:\/\/matuile.com\/media\/?s={search_term_string}"},"query-input":{"@type":"PropertyValueSpecification","valueRequired":true,"valueName":"search_term_string"}}],"inLanguage":"fr-FR"},{"@type":"Organization","@id":"https:\/\/matuile.com\/media\/#organization","name":"Matuile","url":"https:\/\/matuile.com\/media\/","logo":{"@type":"ImageObject","inLanguage":"fr-FR","@id":"https:\/\/matuile.com\/media\/#\/schema\/logo\/image\/","url":"https:\/\/matuile.com\/media\/wp-content\/uploads\/2023\/04\/Matuile.png","contentUrl":"https:\/\/matuile.com\/media\/wp-content\/uploads\/2023\/04\/Matuile.png","width":700,"height":700,"caption":"Matuile"},"image":{"@id":"https:\/\/matuile.com\/media\/#\/schema\/logo\/image\/"}},{"@type":"Person","@id":"https:\/\/matuile.com\/media\/#\/schema\/person\/4bba03e6b777a11b3237934070018534","name":"Louise","image":{"@type":"ImageObject","inLanguage":"fr-FR","@id":"https:\/\/secure.gravatar.com\/avatar\/5a01d57e702d222273ee3a36e4c9b4e041252db9b0a6f90d02d709d4a91d7752?s=96&d=mm&r=g","url":"https:\/\/secure.gravatar.com\/avatar\/5a01d57e702d222273ee3a36e4c9b4e041252db9b0a6f90d02d709d4a91d7752?s=96&d=mm&r=g","contentUrl":"https:\/\/secure.gravatar.com\/avatar\/5a01d57e702d222273ee3a36e4c9b4e041252db9b0a6f90d02d709d4a91d7752?s=96&d=mm&r=g","caption":"Louise"},"url":"https:\/\/matuile.com\/media\/author\/louise\/"}]}},"_links":{"self":[{"href":"https:\/\/matuile.com\/media\/wp-json\/wp\/v2\/posts\/81502","targetHints":{"allow":["GET"]}}],"collection":[{"href":"https:\/\/matuile.com\/media\/wp-json\/wp\/v2\/posts"}],"about":[{"href":"https:\/\/matuile.com\/media\/wp-json\/wp\/v2\/types\/post"}],"author":[{"embeddable":true,"href":"https:\/\/matuile.com\/media\/wp-json\/wp\/v2\/users\/9"}],"replies":[{"embeddable":true,"href":"https:\/\/matuile.com\/media\/wp-json\/wp\/v2\/comments?post=81502"}],"version-history":[{"count":11,"href":"https:\/\/matuile.com\/media\/wp-json\/wp\/v2\/posts\/81502\/revisions"}],"predecessor-version":[{"id":82864,"href":"https:\/\/matuile.com\/media\/wp-json\/wp\/v2\/posts\/81502\/revisions\/82864"}],"wp:featuredmedia":[{"embeddable":true,"href":"https:\/\/matuile.com\/media\/wp-json\/wp\/v2\/media\/81725"}],"wp:attachment":[{"href":"https:\/\/matuile.com\/media\/wp-json\/wp\/v2\/media?parent=81502"}],"wp:term":[{"taxonomy":"category","embeddable":true,"href":"https:\/\/matuile.com\/media\/wp-json\/wp\/v2\/categories?post=81502"},{"taxonomy":"post_tag","embeddable":true,"href":"https:\/\/matuile.com\/media\/wp-json\/wp\/v2\/tags?post=81502"}],"curies":[{"name":"wp","href":"https:\/\/api.w.org\/{rel}","templated":true}]}}