{"id":58911,"date":"2024-06-13T00:03:11","date_gmt":"2024-06-12T22:03:11","guid":{"rendered":"https:\/\/matuile.com\/media\/?p=58911"},"modified":"2024-06-13T12:07:27","modified_gmt":"2024-06-13T10:07:27","slug":"exclusion-eric-ciotti-une-saga-politique-aux-multiples-rebondissements","status":"publish","type":"post","link":"https:\/\/matuile.com\/media\/exclusion-eric-ciotti-une-saga-politique-aux-multiples-rebondissements\/","title":{"rendered":"L&rsquo;exclusion d&rsquo;\u00c9ric Ciotti : une saga politique aux multiples rebondissements"},"content":{"rendered":"<p style=\"font-size:16px;font-style:normal;font-weight:100\">Dans le th\u00e9\u00e2tre politique fran\u00e7ais, rares sont les \u00e9v\u00e9nements qui conjuguent autant de passion et de controverse que <strong><a href=\"https:\/\/www.francebleu.fr\/infos\/politique\/legislatives-2024-eric-ciotti-exclu-des-republicains-a-l-unanimite-apres-son-appel-a-faire-alliance-avec-le-rn-8941397\">l&rsquo;exclusion r\u00e9cente d&rsquo;\u00c9ric Ciotti des R\u00e9publicains<\/a><\/strong>. Cette d\u00e9cision, prise \u00e0 l&rsquo;unanimit\u00e9 par le bureau politique du parti, soul\u00e8ve une multitude de questions sur la l\u00e9galit\u00e9, les implications et les futurs recours possibles pour l&rsquo;homme politique. Plongeons dans les d\u00e9tails de cette affaire qui ne cesse de faire couler de l&rsquo;encre.<\/p><div style=\"height:20px\" aria-hidden=\"true\" class=\"wp-block-spacer\"><\/div><h2 class=\"wp-block-heading\"><strong>Les pr\u00e9mices \u00e0 l&rsquo;exclusion : l&rsquo;acc\u00e8s au r\u00e9seau informatique d&rsquo;\u00c9ric Ciotti coup\u00e9 !<\/strong><\/h2><p style=\"font-size:16px;font-style:normal;font-weight:100\">Durant la matin\u00e9e et \u00e0 la surprise de tous, l&rsquo;acc\u00e8s au r\u00e9seau informatique d&rsquo;\u00c9ric Ciotti a \u00e9t\u00e9 subitement coup\u00e9. Celui-ci n&rsquo;a plus acc\u00e8s \u00e0 rien et se trouve ainsi significativement handicap\u00e9 dans sa capacit\u00e9 \u00e0 communiquer. Cela affecte sa capacit\u00e9 \u00e0 mener des campagnes ou \u00e0 interagir avec ses soutiens. Cette action a \u00e9t\u00e9 r\u00e9alis\u00e9e afin de limiter son influence et restreindre ses activit\u00e9s politiques.<\/p><p style=\"font-size:16px;font-style:normal;font-weight:100\">Cela nous rappelle \u00e0 quel point les r\u00e9seaux informatiques sont pr\u00e9cieux et que sans eux toute communication externe est compliqu\u00e9e. Une fois coup\u00e9 du r\u00e9seau informatique, \u00c9ric Ciotti n&rsquo;a plus eu acc\u00e8s \u00e0 <strong><a href=\"https:\/\/matuile.com\/media\/sauvegarde-de-donnees-prix\/\">la base de donn\u00e9es<\/a><\/strong> et aux emails. Il faut souligner ici le r\u00f4le essentiel de l&rsquo;<a href=\"https:\/\/matuile.com\/media\/reparation-ordinateur-autour-de-moi\/\"><strong>informaticien<\/strong><\/a>. Il est un acteur essentiel pour assurer <strong><a href=\"https:\/\/matuile.com\/media\/securite-informatique-prix\/\">la s\u00e9curit\u00e9 du r\u00e9seau informatique<\/a><\/strong> et emp\u00each\u00e9 \u00c9ric Ciotti d&rsquo;acc\u00e9der aux <strong><a href=\"https:\/\/matuile.com\/media\/installation-materiel-informatique-logiciel-prix\/\">logiciels<\/a><\/strong>.<\/p><div style=\"height:10px\" aria-hidden=\"true\" class=\"wp-block-spacer\"><\/div><h2 class=\"wp-block-heading\"><strong>Quelles sont les raisons de l&rsquo;exclusion d&rsquo;\u00c9ric Ciotti ?<\/strong><\/h2><p style=\"font-size:16px;font-style:normal;font-weight:100\">L&rsquo;exclusion d&rsquo;\u00c9ric Ciotti repose principalement sur son <strong><a href=\"https:\/\/www.lefigaro.fr\/elections\/legislatives\/alliance-lr-rn-eric-ciotti-lance-une-petition-pour-soutenir-le-rassemblement-des-droites-20240612\">rapprochement avec le Rassemblement National<\/a><\/strong>, un mouvement jug\u00e9 incompatible avec les valeurs des R\u00e9publicains. Ce partenariat inattendu a suscit\u00e9 une vive r\u00e9action au sein du parti, culminant par une d\u00e9cision radicale : son exclusion. Le bureau politique justifie cette mesure par la n\u00e9cessit\u00e9 de pr\u00e9server l&rsquo;int\u00e9grit\u00e9 et les principes fondamentaux du parti. Celui-ci se sentant visiblement menac\u00e9 par cette alliance.<\/p><p style=\"font-size:16px;font-style:normal;font-weight:100\">Par ailleurs, cette exclusion survient dans un contexte d\u00e9j\u00e0 tumultueux pour Ciotti, marqu\u00e9 par des accusations de cumul d&#8217;emplois et de d\u00e9tournement de fonds publics. Ces all\u00e9gations ont ajout\u00e9 une couche suppl\u00e9mentaire de complexit\u00e9 \u00e0 sa situation, rendant son maintien au sein des R\u00e9publicains encore plus pr\u00e9caire.<\/p><div style=\"height:10px\" aria-hidden=\"true\" class=\"wp-block-spacer\"><\/div><h2 class=\"wp-block-heading\"><strong>Comment \u00c9ric Ciotti a-t-il r\u00e9agi \u00e0 son exclusion ?<\/strong><\/h2><p style=\"font-size:16px;font-style:normal;font-weight:100\">La r\u00e9action d&rsquo;\u00c9ric Ciotti ne s&rsquo;est pas fait attendre. Il a vivement contest\u00e9 la l\u00e9galit\u00e9 de cette exclusion, la qualifiant d&rsquo;injuste et de politiquement motiv\u00e9e. Son avocat a imm\u00e9diatement engag\u00e9 des d\u00e9marches pour <strong><a href=\"https:\/\/matuile.com\/media\/avocat-penaliste-autour-de-moi\/\">contester devant les tribunaux<\/a><\/strong> cette d\u00e9cision, arguant que le processus suivi par le bureau politique \u00e9tait entach\u00e9 d&rsquo;irr\u00e9gularit\u00e9s.<\/p><p style=\"font-size:16px;font-style:normal;font-weight:100\">Ciotti lui-m\u00eame n&rsquo;a pas m\u00e2ch\u00e9 ses mots, affirmant que cette exclusion est le sympt\u00f4me d&rsquo;un parti qui a perdu de vue ses convictions et c\u00e8de plut\u00f4t aux jeux de pouvoir internes. Il a aussi exprim\u00e9 son intention de continuer \u00e0 se battre pour ses id\u00e9es et pour ce qu&rsquo;il estime \u00eatre le v\u00e9ritable int\u00e9r\u00eat de la France.<\/p><div class=\"wp-block-columns is-layout-flex wp-container-core-columns-is-layout-9d6595d7 wp-block-columns-is-layout-flex\"><div class=\"wp-block-column is-layout-flow wp-block-column-is-layout-flow\" style=\"flex-basis:25%\"><\/div>\n\n<div class=\"wp-block-column is-layout-flow wp-block-column-is-layout-flow\" style=\"flex-basis:50%\"><figure class=\"wp-block-embed is-type-rich is-provider-twitter wp-block-embed-twitter\"><div class=\"wp-block-embed__wrapper\">\n<div class=\"embed-container\"><blockquote class=\"twitter-tweet\" data-width=\"550\" data-dnt=\"true\"><p lang=\"fr\" dir=\"ltr\">La r\u00e9union organis\u00e9e cet apr\u00e8s-midi a \u00e9t\u00e9 mise en \u0153uvre en violation flagrante de nos statuts <a href=\"https:\/\/twitter.com\/lesRepublicains?ref_src=twsrc%5Etfw\">@lesRepublicains<\/a>.<br><br>Aucune des d\u00e9cisions prises \u00e0 cette r\u00e9union n\u2019emporte de cons\u00e9quence l\u00e9gale.<br><br>Elle peut avoir des cons\u00e9quences p\u00e9nales.<br><br>Je suis et reste le pr\u00e9sident de notre\u2026 <a href=\"https:\/\/t.co\/8cSoosTdK3\">pic.twitter.com\/8cSoosTdK3<\/a><\/p>&mdash; Eric Ciotti (@ECiotti) <a href=\"https:\/\/twitter.com\/ECiotti\/status\/1800903935382716453?ref_src=twsrc%5Etfw\">June 12, 2024<\/a><\/blockquote><script async src=\"https:\/\/platform.twitter.com\/widgets.js\" charset=\"utf-8\"><\/script><\/div>\n<\/div><\/figure><\/div>\n\n<div class=\"wp-block-column is-layout-flow wp-block-column-is-layout-flow\" style=\"flex-basis:25%\"><\/div><\/div><div style=\"height:10px\" aria-hidden=\"true\" class=\"wp-block-spacer\"><\/div><h2 class=\"wp-block-heading\"><strong>Quels sont les recours juridiques possibles pour \u00c9ric Ciotti ?<\/strong><\/h2><p style=\"font-size:16px;font-style:normal;font-weight:100\">Face \u00e0 cette exclusion, \u00c9ric Ciotti peut solliciter plusieurs avenues juridiques. Il peut contester la d\u00e9cision devant les tribunaux civils en invoquant des failles dans le processus d&rsquo;exclusion ou une violation des statuts du parti. Cette voie pourrait lui permettre de demander une annulation de la d\u00e9cision.<\/p><p style=\"font-size:16px;font-style:normal;font-weight:100\">L&rsquo;affaire peut prendre une tournure plus complexe, elle pourrait potentiellement atteindre les juridictions administratives. Dans tous les cas, l&rsquo;assistance d&rsquo;un avocat sp\u00e9cialis\u00e9 en droit des associations et des partis politiques sera d\u00e9terminante pour naviguer dans ces eaux tumultueuses.<\/p><div style=\"height:10px\" aria-hidden=\"true\" class=\"wp-block-spacer\"><\/div><h2 class=\"wp-block-heading\"><strong>Quel est le r\u00f4le de l&rsquo;huissier de justice dans cette affaire ?<\/strong><\/h2><p style=\"font-size:16px;font-style:normal;font-weight:100\"><strong><a href=\"https:\/\/matuile.com\/media\/huissier-de-justice-autour-de-moi\/\">L&rsquo;huissier de justice joue un r\u00f4le cl\u00e9<\/a><\/strong> dans le cadre de la proc\u00e9dure d&rsquo;exclusion d&rsquo;un membre d&rsquo;un parti politique. Il se charge de la notification officielle de la d\u00e9cision d&rsquo;exclusion \u00e0 la personne concern\u00e9e. Cette \u00e9tape est essentielle pour garantir que le processus respecte les normes l\u00e9gales. Elle certifie que le membre exclu a une connaissance officielle de la d\u00e9cision prise \u00e0 son encontre.<\/p><p style=\"font-size:16px;font-style:normal;font-weight:100\">De plus, l&rsquo;huissier intervient en cas de conflits ou de litiges suivant l&rsquo;exclusion, notamment pour assurer l&rsquo;ex\u00e9cution des d\u00e9cisions judiciaires si \u00c9ric Ciotti obtenait gain de cause devant les tribunaux.<\/p><div style=\"height:10px\" aria-hidden=\"true\" class=\"wp-block-spacer\"><\/div><h2 class=\"wp-block-heading\"><strong>Quelles pourraient \u00eatre les cons\u00e9quences \u00e0 long terme de cette exclusion pour Les R\u00e9publicains ?<\/strong><\/h2><p style=\"font-size:16px;font-style:normal;font-weight:100\">L&rsquo;exclusion d&rsquo;\u00c9ric Ciotti pourrait avoir des <strong><a href=\"https:\/\/www.europe1.fr\/politique\/accord-lr-et-le-rn-entre-les-cadres-du-parti-et-les-electeurs-la-grande-fracture-4252331\">r\u00e9percussions profondes pour Les R\u00e9publicains<\/a><\/strong>. Au sein du parti, cela pourrait engendrer des divisions ou m\u00eame encourager d&rsquo;autres membres \u00e0 questionner la direction du parti. En public, l&rsquo;image de coh\u00e9sion et d&rsquo;unit\u00e9 du parti se trouve \u00e9branl\u00e9e.<\/p><p style=\"font-size:16px;font-style:normal;font-weight:100\">Sur le plan public, cette d\u00e9cision pourrait \u00eatre interpr\u00e9t\u00e9e comme un signe d&rsquo;intol\u00e9rance du parti. En effet cela remet en question sa tol\u00e9rance face \u00e0 la diversit\u00e9 des opinions et perspectives. Cela pourrait ali\u00e9ner une partie de l&rsquo;\u00e9lectorat. La mani\u00e8re dont cette crise sera g\u00e9r\u00e9e d\u00e9finira le futur politique des R\u00e9publicains et leur place sur l&rsquo;\u00e9chiquier politique national.<\/p><div style=\"height:10px\" aria-hidden=\"true\" class=\"wp-block-spacer\"><\/div><h2 class=\"wp-block-heading\"><strong>Un tournant d\u00e9cisif pour \u00c9ric Ciotti et les R\u00e9publicains<\/strong><\/h2><p style=\"font-size:16px;font-style:normal;font-weight:100\">En quelques mots, l&rsquo;exclusion d&rsquo;\u00c9ric Ciotti des R\u00e9publicains n&rsquo;est pas seulement le r\u00e9cit d&rsquo;une querelle interne; elle symbolise une lutte pour l&rsquo;identit\u00e9 et l&rsquo;avenir d&rsquo;un des principaux partis politiques de France. Entre batailles judiciaires et d\u00e9bats id\u00e9ologiques, l&rsquo;issue de cette affaire pourrait bien redessiner le paysage politique fran\u00e7ais. Seul le temps dira si cette d\u00e9cision \u00e9tait un coup de g\u00e9nie ou un faux pas strat\u00e9gique.<\/p><div style=\"height:100px\" aria-hidden=\"true\" class=\"wp-block-spacer\"><\/div><hr class=\"wp-block-separator has-alpha-channel-opacity\"\/>","protected":false},"excerpt":{"rendered":"<p>Dans le th\u00e9\u00e2tre politique fran\u00e7ais, rares sont les \u00e9v\u00e9nements qui conjuguent autant de passion et de controverse que l&rsquo;exclusion r\u00e9cente d&rsquo;\u00c9ric Ciotti&#8230;<\/p>\n","protected":false},"author":9,"featured_media":58921,"comment_status":"open","ping_status":"open","sticky":false,"template":"","format":"standard","meta":{"inline_featured_image":false,"footnotes":""},"categories":[92,50],"tags":[],"class_list":{"0":"post-58911","1":"post","2":"type-post","3":"status-publish","4":"format-standard","5":"has-post-thumbnail","7":"category-actualites-informatique","8":"category-droit"},"acf":[],"yoast_head":"<!-- This site is optimized with the Yoast SEO plugin v27.5 - https:\/\/yoast.com\/product\/yoast-seo-wordpress\/ -->\n<title>L&#039;exclusion d&#039;\u00c9ric Ciotti : une saga politique aux multiples rebondissements<\/title>\n<meta name=\"description\" content=\"L&#039;exclusion d&#039;Eric Ciotti a secou\u00e9 la classe politique. Quelles sont les raisons de l&#039;exclusion ? Quel avenir pour les r\u00e9publicains ?\" \/>\n<meta name=\"robots\" content=\"index, follow, max-snippet:-1, max-image-preview:large, max-video-preview:-1\" \/>\n<link rel=\"canonical\" href=\"https:\/\/matuile.com\/media\/exclusion-eric-ciotti-une-saga-politique-aux-multiples-rebondissements\/\" \/>\n<meta property=\"og:locale\" content=\"fr_FR\" \/>\n<meta property=\"og:type\" content=\"article\" \/>\n<meta property=\"og:title\" content=\"L&#039;exclusion d&#039;\u00c9ric Ciotti : une saga politique aux multiples rebondissements\" \/>\n<meta property=\"og:description\" content=\"L&#039;exclusion d&#039;Eric Ciotti a secou\u00e9 la classe politique. Quelles sont les raisons de l&#039;exclusion ? Quel avenir pour les r\u00e9publicains ?\" \/>\n<meta property=\"og:url\" content=\"https:\/\/matuile.com\/media\/exclusion-eric-ciotti-une-saga-politique-aux-multiples-rebondissements\/\" \/>\n<meta property=\"og:site_name\" content=\"Matuile\" \/>\n<meta property=\"article:published_time\" content=\"2024-06-12T22:03:11+00:00\" \/>\n<meta property=\"article:modified_time\" content=\"2024-06-13T10:07:27+00:00\" \/>\n<meta property=\"og:image\" content=\"https:\/\/matuile.com\/media\/wp-content\/uploads\/2024\/06\/exclusion-eric-ciotti-1024x682.png\" \/>\n\t<meta property=\"og:image:width\" content=\"1024\" \/>\n\t<meta property=\"og:image:height\" content=\"682\" \/>\n\t<meta property=\"og:image:type\" content=\"image\/png\" \/>\n<meta name=\"author\" content=\"Louise\" \/>\n<meta name=\"twitter:card\" content=\"summary_large_image\" \/>\n<meta name=\"twitter:label1\" content=\"\u00c9crit par\" \/>\n\t<meta name=\"twitter:data1\" content=\"Louise\" \/>\n\t<meta name=\"twitter:label2\" content=\"Dur\u00e9e de lecture estim\u00e9e\" \/>\n\t<meta name=\"twitter:data2\" content=\"5 minutes\" \/>\n<script type=\"application\/ld+json\" class=\"yoast-schema-graph\">{\"@context\":\"https:\\\/\\\/schema.org\",\"@graph\":[{\"@type\":\"Article\",\"@id\":\"https:\\\/\\\/matuile.com\\\/media\\\/exclusion-eric-ciotti-une-saga-politique-aux-multiples-rebondissements\\\/#article\",\"isPartOf\":{\"@id\":\"https:\\\/\\\/matuile.com\\\/media\\\/exclusion-eric-ciotti-une-saga-politique-aux-multiples-rebondissements\\\/\"},\"author\":{\"name\":\"Louise\",\"@id\":\"https:\\\/\\\/matuile.com\\\/media\\\/#\\\/schema\\\/person\\\/4bba03e6b777a11b3237934070018534\"},\"headline\":\"L&rsquo;exclusion d&rsquo;\u00c9ric Ciotti : une saga politique aux multiples rebondissements\",\"datePublished\":\"2024-06-12T22:03:11+00:00\",\"dateModified\":\"2024-06-13T10:07:27+00:00\",\"mainEntityOfPage\":{\"@id\":\"https:\\\/\\\/matuile.com\\\/media\\\/exclusion-eric-ciotti-une-saga-politique-aux-multiples-rebondissements\\\/\"},\"wordCount\":954,\"commentCount\":0,\"publisher\":{\"@id\":\"https:\\\/\\\/matuile.com\\\/media\\\/#organization\"},\"image\":{\"@id\":\"https:\\\/\\\/matuile.com\\\/media\\\/exclusion-eric-ciotti-une-saga-politique-aux-multiples-rebondissements\\\/#primaryimage\"},\"thumbnailUrl\":\"https:\\\/\\\/matuile.com\\\/media\\\/wp-content\\\/uploads\\\/2024\\\/06\\\/exclusion-eric-ciotti.png\",\"articleSection\":[\"Actualit\u00e9s informatiques\",\"Droit\"],\"inLanguage\":\"fr-FR\",\"potentialAction\":[{\"@type\":\"CommentAction\",\"name\":\"Comment\",\"target\":[\"https:\\\/\\\/matuile.com\\\/media\\\/exclusion-eric-ciotti-une-saga-politique-aux-multiples-rebondissements\\\/#respond\"]}]},{\"@type\":\"WebPage\",\"@id\":\"https:\\\/\\\/matuile.com\\\/media\\\/exclusion-eric-ciotti-une-saga-politique-aux-multiples-rebondissements\\\/\",\"url\":\"https:\\\/\\\/matuile.com\\\/media\\\/exclusion-eric-ciotti-une-saga-politique-aux-multiples-rebondissements\\\/\",\"name\":\"L'exclusion d'\u00c9ric Ciotti : une saga politique aux multiples rebondissements\",\"isPartOf\":{\"@id\":\"https:\\\/\\\/matuile.com\\\/media\\\/#website\"},\"primaryImageOfPage\":{\"@id\":\"https:\\\/\\\/matuile.com\\\/media\\\/exclusion-eric-ciotti-une-saga-politique-aux-multiples-rebondissements\\\/#primaryimage\"},\"image\":{\"@id\":\"https:\\\/\\\/matuile.com\\\/media\\\/exclusion-eric-ciotti-une-saga-politique-aux-multiples-rebondissements\\\/#primaryimage\"},\"thumbnailUrl\":\"https:\\\/\\\/matuile.com\\\/media\\\/wp-content\\\/uploads\\\/2024\\\/06\\\/exclusion-eric-ciotti.png\",\"datePublished\":\"2024-06-12T22:03:11+00:00\",\"dateModified\":\"2024-06-13T10:07:27+00:00\",\"description\":\"L'exclusion d'Eric Ciotti a secou\u00e9 la classe politique. Quelles sont les raisons de l'exclusion ? Quel avenir pour les r\u00e9publicains ?\",\"breadcrumb\":{\"@id\":\"https:\\\/\\\/matuile.com\\\/media\\\/exclusion-eric-ciotti-une-saga-politique-aux-multiples-rebondissements\\\/#breadcrumb\"},\"inLanguage\":\"fr-FR\",\"potentialAction\":[{\"@type\":\"ReadAction\",\"target\":[\"https:\\\/\\\/matuile.com\\\/media\\\/exclusion-eric-ciotti-une-saga-politique-aux-multiples-rebondissements\\\/\"]}]},{\"@type\":\"ImageObject\",\"inLanguage\":\"fr-FR\",\"@id\":\"https:\\\/\\\/matuile.com\\\/media\\\/exclusion-eric-ciotti-une-saga-politique-aux-multiples-rebondissements\\\/#primaryimage\",\"url\":\"https:\\\/\\\/matuile.com\\\/media\\\/wp-content\\\/uploads\\\/2024\\\/06\\\/exclusion-eric-ciotti.png\",\"contentUrl\":\"https:\\\/\\\/matuile.com\\\/media\\\/wp-content\\\/uploads\\\/2024\\\/06\\\/exclusion-eric-ciotti.png\",\"width\":2560,\"height\":1706,\"caption\":\"exclusion \u00e9ric ciotti\"},{\"@type\":\"BreadcrumbList\",\"@id\":\"https:\\\/\\\/matuile.com\\\/media\\\/exclusion-eric-ciotti-une-saga-politique-aux-multiples-rebondissements\\\/#breadcrumb\",\"itemListElement\":[{\"@type\":\"ListItem\",\"position\":1,\"name\":\"Accueil\",\"item\":\"https:\\\/\\\/matuile.com\\\/media\\\/\"},{\"@type\":\"ListItem\",\"position\":2,\"name\":\"Guide informatique\",\"item\":\"https:\\\/\\\/matuile.com\\\/media\\\/category\\\/guide-informatique\\\/\"},{\"@type\":\"ListItem\",\"position\":3,\"name\":\"Actualit\u00e9s informatiques\",\"item\":\"https:\\\/\\\/matuile.com\\\/media\\\/category\\\/guide-informatique\\\/actualites-informatique\\\/\"},{\"@type\":\"ListItem\",\"position\":4,\"name\":\"L&rsquo;exclusion d&rsquo;\u00c9ric Ciotti : une saga politique aux multiples rebondissements\"}]},{\"@type\":\"WebSite\",\"@id\":\"https:\\\/\\\/matuile.com\\\/media\\\/#website\",\"url\":\"https:\\\/\\\/matuile.com\\\/media\\\/\",\"name\":\"Matuile Blog\",\"description\":\"La solution \u00e0 votre urgence\",\"publisher\":{\"@id\":\"https:\\\/\\\/matuile.com\\\/media\\\/#organization\"},\"alternateName\":\"Matuile\",\"potentialAction\":[{\"@type\":\"SearchAction\",\"target\":{\"@type\":\"EntryPoint\",\"urlTemplate\":\"https:\\\/\\\/matuile.com\\\/media\\\/?s={search_term_string}\"},\"query-input\":{\"@type\":\"PropertyValueSpecification\",\"valueRequired\":true,\"valueName\":\"search_term_string\"}}],\"inLanguage\":\"fr-FR\"},{\"@type\":\"Organization\",\"@id\":\"https:\\\/\\\/matuile.com\\\/media\\\/#organization\",\"name\":\"Matuile\",\"url\":\"https:\\\/\\\/matuile.com\\\/media\\\/\",\"logo\":{\"@type\":\"ImageObject\",\"inLanguage\":\"fr-FR\",\"@id\":\"https:\\\/\\\/matuile.com\\\/media\\\/#\\\/schema\\\/logo\\\/image\\\/\",\"url\":\"https:\\\/\\\/matuile.com\\\/media\\\/wp-content\\\/uploads\\\/2023\\\/04\\\/Matuile.png\",\"contentUrl\":\"https:\\\/\\\/matuile.com\\\/media\\\/wp-content\\\/uploads\\\/2023\\\/04\\\/Matuile.png\",\"width\":700,\"height\":700,\"caption\":\"Matuile\"},\"image\":{\"@id\":\"https:\\\/\\\/matuile.com\\\/media\\\/#\\\/schema\\\/logo\\\/image\\\/\"}},{\"@type\":\"Person\",\"@id\":\"https:\\\/\\\/matuile.com\\\/media\\\/#\\\/schema\\\/person\\\/4bba03e6b777a11b3237934070018534\",\"name\":\"Louise\",\"image\":{\"@type\":\"ImageObject\",\"inLanguage\":\"fr-FR\",\"@id\":\"https:\\\/\\\/secure.gravatar.com\\\/avatar\\\/5a01d57e702d222273ee3a36e4c9b4e041252db9b0a6f90d02d709d4a91d7752?s=96&d=mm&r=g\",\"url\":\"https:\\\/\\\/secure.gravatar.com\\\/avatar\\\/5a01d57e702d222273ee3a36e4c9b4e041252db9b0a6f90d02d709d4a91d7752?s=96&d=mm&r=g\",\"contentUrl\":\"https:\\\/\\\/secure.gravatar.com\\\/avatar\\\/5a01d57e702d222273ee3a36e4c9b4e041252db9b0a6f90d02d709d4a91d7752?s=96&d=mm&r=g\",\"caption\":\"Louise\"},\"url\":\"https:\\\/\\\/matuile.com\\\/media\\\/author\\\/louise\\\/\"}]}<\/script>\n<!-- \/ Yoast SEO plugin. -->","yoast_head_json":{"title":"L'exclusion d'\u00c9ric Ciotti : une saga politique aux multiples rebondissements","description":"L'exclusion d'Eric Ciotti a secou\u00e9 la classe politique. Quelles sont les raisons de l'exclusion ? Quel avenir pour les r\u00e9publicains ?","robots":{"index":"index","follow":"follow","max-snippet":"max-snippet:-1","max-image-preview":"max-image-preview:large","max-video-preview":"max-video-preview:-1"},"canonical":"https:\/\/matuile.com\/media\/exclusion-eric-ciotti-une-saga-politique-aux-multiples-rebondissements\/","og_locale":"fr_FR","og_type":"article","og_title":"L'exclusion d'\u00c9ric Ciotti : une saga politique aux multiples rebondissements","og_description":"L'exclusion d'Eric Ciotti a secou\u00e9 la classe politique. Quelles sont les raisons de l'exclusion ? Quel avenir pour les r\u00e9publicains ?","og_url":"https:\/\/matuile.com\/media\/exclusion-eric-ciotti-une-saga-politique-aux-multiples-rebondissements\/","og_site_name":"Matuile","article_published_time":"2024-06-12T22:03:11+00:00","article_modified_time":"2024-06-13T10:07:27+00:00","og_image":[{"width":1024,"height":682,"url":"https:\/\/matuile.com\/media\/wp-content\/uploads\/2024\/06\/exclusion-eric-ciotti-1024x682.png","type":"image\/png"}],"author":"Louise","twitter_card":"summary_large_image","twitter_misc":{"\u00c9crit par":"Louise","Dur\u00e9e de lecture estim\u00e9e":"5 minutes"},"schema":{"@context":"https:\/\/schema.org","@graph":[{"@type":"Article","@id":"https:\/\/matuile.com\/media\/exclusion-eric-ciotti-une-saga-politique-aux-multiples-rebondissements\/#article","isPartOf":{"@id":"https:\/\/matuile.com\/media\/exclusion-eric-ciotti-une-saga-politique-aux-multiples-rebondissements\/"},"author":{"name":"Louise","@id":"https:\/\/matuile.com\/media\/#\/schema\/person\/4bba03e6b777a11b3237934070018534"},"headline":"L&rsquo;exclusion d&rsquo;\u00c9ric Ciotti : une saga politique aux multiples rebondissements","datePublished":"2024-06-12T22:03:11+00:00","dateModified":"2024-06-13T10:07:27+00:00","mainEntityOfPage":{"@id":"https:\/\/matuile.com\/media\/exclusion-eric-ciotti-une-saga-politique-aux-multiples-rebondissements\/"},"wordCount":954,"commentCount":0,"publisher":{"@id":"https:\/\/matuile.com\/media\/#organization"},"image":{"@id":"https:\/\/matuile.com\/media\/exclusion-eric-ciotti-une-saga-politique-aux-multiples-rebondissements\/#primaryimage"},"thumbnailUrl":"https:\/\/matuile.com\/media\/wp-content\/uploads\/2024\/06\/exclusion-eric-ciotti.png","articleSection":["Actualit\u00e9s informatiques","Droit"],"inLanguage":"fr-FR","potentialAction":[{"@type":"CommentAction","name":"Comment","target":["https:\/\/matuile.com\/media\/exclusion-eric-ciotti-une-saga-politique-aux-multiples-rebondissements\/#respond"]}]},{"@type":"WebPage","@id":"https:\/\/matuile.com\/media\/exclusion-eric-ciotti-une-saga-politique-aux-multiples-rebondissements\/","url":"https:\/\/matuile.com\/media\/exclusion-eric-ciotti-une-saga-politique-aux-multiples-rebondissements\/","name":"L'exclusion d'\u00c9ric Ciotti : une saga politique aux multiples rebondissements","isPartOf":{"@id":"https:\/\/matuile.com\/media\/#website"},"primaryImageOfPage":{"@id":"https:\/\/matuile.com\/media\/exclusion-eric-ciotti-une-saga-politique-aux-multiples-rebondissements\/#primaryimage"},"image":{"@id":"https:\/\/matuile.com\/media\/exclusion-eric-ciotti-une-saga-politique-aux-multiples-rebondissements\/#primaryimage"},"thumbnailUrl":"https:\/\/matuile.com\/media\/wp-content\/uploads\/2024\/06\/exclusion-eric-ciotti.png","datePublished":"2024-06-12T22:03:11+00:00","dateModified":"2024-06-13T10:07:27+00:00","description":"L'exclusion d'Eric Ciotti a secou\u00e9 la classe politique. Quelles sont les raisons de l'exclusion ? Quel avenir pour les r\u00e9publicains ?","breadcrumb":{"@id":"https:\/\/matuile.com\/media\/exclusion-eric-ciotti-une-saga-politique-aux-multiples-rebondissements\/#breadcrumb"},"inLanguage":"fr-FR","potentialAction":[{"@type":"ReadAction","target":["https:\/\/matuile.com\/media\/exclusion-eric-ciotti-une-saga-politique-aux-multiples-rebondissements\/"]}]},{"@type":"ImageObject","inLanguage":"fr-FR","@id":"https:\/\/matuile.com\/media\/exclusion-eric-ciotti-une-saga-politique-aux-multiples-rebondissements\/#primaryimage","url":"https:\/\/matuile.com\/media\/wp-content\/uploads\/2024\/06\/exclusion-eric-ciotti.png","contentUrl":"https:\/\/matuile.com\/media\/wp-content\/uploads\/2024\/06\/exclusion-eric-ciotti.png","width":2560,"height":1706,"caption":"exclusion \u00e9ric ciotti"},{"@type":"BreadcrumbList","@id":"https:\/\/matuile.com\/media\/exclusion-eric-ciotti-une-saga-politique-aux-multiples-rebondissements\/#breadcrumb","itemListElement":[{"@type":"ListItem","position":1,"name":"Accueil","item":"https:\/\/matuile.com\/media\/"},{"@type":"ListItem","position":2,"name":"Guide informatique","item":"https:\/\/matuile.com\/media\/category\/guide-informatique\/"},{"@type":"ListItem","position":3,"name":"Actualit\u00e9s informatiques","item":"https:\/\/matuile.com\/media\/category\/guide-informatique\/actualites-informatique\/"},{"@type":"ListItem","position":4,"name":"L&rsquo;exclusion d&rsquo;\u00c9ric Ciotti : une saga politique aux multiples rebondissements"}]},{"@type":"WebSite","@id":"https:\/\/matuile.com\/media\/#website","url":"https:\/\/matuile.com\/media\/","name":"Matuile Blog","description":"La solution \u00e0 votre urgence","publisher":{"@id":"https:\/\/matuile.com\/media\/#organization"},"alternateName":"Matuile","potentialAction":[{"@type":"SearchAction","target":{"@type":"EntryPoint","urlTemplate":"https:\/\/matuile.com\/media\/?s={search_term_string}"},"query-input":{"@type":"PropertyValueSpecification","valueRequired":true,"valueName":"search_term_string"}}],"inLanguage":"fr-FR"},{"@type":"Organization","@id":"https:\/\/matuile.com\/media\/#organization","name":"Matuile","url":"https:\/\/matuile.com\/media\/","logo":{"@type":"ImageObject","inLanguage":"fr-FR","@id":"https:\/\/matuile.com\/media\/#\/schema\/logo\/image\/","url":"https:\/\/matuile.com\/media\/wp-content\/uploads\/2023\/04\/Matuile.png","contentUrl":"https:\/\/matuile.com\/media\/wp-content\/uploads\/2023\/04\/Matuile.png","width":700,"height":700,"caption":"Matuile"},"image":{"@id":"https:\/\/matuile.com\/media\/#\/schema\/logo\/image\/"}},{"@type":"Person","@id":"https:\/\/matuile.com\/media\/#\/schema\/person\/4bba03e6b777a11b3237934070018534","name":"Louise","image":{"@type":"ImageObject","inLanguage":"fr-FR","@id":"https:\/\/secure.gravatar.com\/avatar\/5a01d57e702d222273ee3a36e4c9b4e041252db9b0a6f90d02d709d4a91d7752?s=96&d=mm&r=g","url":"https:\/\/secure.gravatar.com\/avatar\/5a01d57e702d222273ee3a36e4c9b4e041252db9b0a6f90d02d709d4a91d7752?s=96&d=mm&r=g","contentUrl":"https:\/\/secure.gravatar.com\/avatar\/5a01d57e702d222273ee3a36e4c9b4e041252db9b0a6f90d02d709d4a91d7752?s=96&d=mm&r=g","caption":"Louise"},"url":"https:\/\/matuile.com\/media\/author\/louise\/"}]}},"_links":{"self":[{"href":"https:\/\/matuile.com\/media\/wp-json\/wp\/v2\/posts\/58911","targetHints":{"allow":["GET"]}}],"collection":[{"href":"https:\/\/matuile.com\/media\/wp-json\/wp\/v2\/posts"}],"about":[{"href":"https:\/\/matuile.com\/media\/wp-json\/wp\/v2\/types\/post"}],"author":[{"embeddable":true,"href":"https:\/\/matuile.com\/media\/wp-json\/wp\/v2\/users\/9"}],"replies":[{"embeddable":true,"href":"https:\/\/matuile.com\/media\/wp-json\/wp\/v2\/comments?post=58911"}],"version-history":[{"count":4,"href":"https:\/\/matuile.com\/media\/wp-json\/wp\/v2\/posts\/58911\/revisions"}],"predecessor-version":[{"id":58920,"href":"https:\/\/matuile.com\/media\/wp-json\/wp\/v2\/posts\/58911\/revisions\/58920"}],"wp:featuredmedia":[{"embeddable":true,"href":"https:\/\/matuile.com\/media\/wp-json\/wp\/v2\/media\/58921"}],"wp:attachment":[{"href":"https:\/\/matuile.com\/media\/wp-json\/wp\/v2\/media?parent=58911"}],"wp:term":[{"taxonomy":"category","embeddable":true,"href":"https:\/\/matuile.com\/media\/wp-json\/wp\/v2\/categories?post=58911"},{"taxonomy":"post_tag","embeddable":true,"href":"https:\/\/matuile.com\/media\/wp-json\/wp\/v2\/tags?post=58911"}],"curies":[{"name":"wp","href":"https:\/\/api.w.org\/{rel}","templated":true}]}}