{"id":56553,"date":"2024-05-28T08:57:56","date_gmt":"2024-05-28T06:57:56","guid":{"rendered":"https:\/\/matuile.com\/media\/?p=56553"},"modified":"2024-05-28T08:58:36","modified_gmt":"2024-05-28T06:58:36","slug":"controle-technique-des-2-roues-ce-quil-faut-savoir","status":"publish","type":"post","link":"https:\/\/matuile.com\/media\/controle-technique-des-2-roues-ce-quil-faut-savoir\/","title":{"rendered":"Contr\u00f4le technique des 2 roues : Ce qu&rsquo;il faut savoir !"},"content":{"rendered":"<p style=\"font-size:16px;font-style:normal;font-weight:100\"><strong>Avis \u00e0 tous les amateurs de\u00a0deux-roues\u00a0!<\/strong> Une r\u00e9volution s&rsquo;annonce sur les routes fran\u00e7aises avec l&rsquo;introduction obligatoire du contr\u00f4le technique pour motos, scooters, et m\u00eame certaines voiturettes. <strong>D\u00e8s le lundi 15 avril<\/strong>, la l\u00e9gislation a pris un nouveau tournant, visant \u00e0 renforcer la\u00a0<strong>s\u00e9curit\u00e9 routi\u00e8re<\/strong>\u00a0et \u00e0 garantir des <strong>standards de fiabilit\u00e9<\/strong> pour tous les v\u00e9hicules concern\u00e9s. Cette mesure, longtemps d\u00e9battue, voit enfin le jour et promet de modifier consid\u00e9rablement le quotidien des passionn\u00e9s de deux-roues. Si l&rsquo;id\u00e9e d&rsquo;amener votre ch\u00e8re monture pour un bilan de sant\u00e9 pouss\u00e9 vous semble aussi agr\u00e9able qu&rsquo;une visite chez le dentiste, respirez profond\u00e9ment ! Nous sommes l\u00e0 pour d\u00e9mystifier cette nouvelle obligation et vous guider \u00e0 travers ses m\u00e9andres.<\/p><div style=\"height:10px\" aria-hidden=\"true\" class=\"wp-block-spacer\"><\/div><h2 class=\"wp-block-heading\" style=\"font-style:normal;font-weight:700\">Quels v\u00e9hicules sont concern\u00e9s par ce nouveau contr\u00f4le technique ?<\/h2><p style=\"font-size:16px;font-style:normal;font-weight:100\">\u00c0 partir du 15 avril, une large palette de <strong><a href=\"https:\/\/www.service-public.fr\/particuliers\/vosdroits\/F37538\">v\u00e9hicules \u00e0 deux roues<\/a><\/strong> entre dans le champ d&rsquo;application du <strong>contr\u00f4le technique<\/strong>. Que vous soyez le fier propri\u00e9taire d&rsquo;un&nbsp;<strong>scooter<\/strong>, d&rsquo;une <strong>moto<\/strong> ou m\u00eame d&rsquo;une <strong>voiturette<\/strong>, si votre v\u00e9hicule a \u00e9t\u00e9 immatricul\u00e9 avant le 1er janvier 2017, et que la date anniversaire de sa premi\u00e8re mise en circulation est apr\u00e8s le 15 avril, vous aurez jusqu&rsquo;au 31 d\u00e9cembre 2024 pour vous conformer \u00e0 cette nouvelle directive.<\/p><p style=\"font-size:16px;font-style:normal;font-weight:100\">Les&nbsp;<strong>motos de collection<\/strong>, les <strong>engins destin\u00e9s aux comp\u00e9titions sportives<\/strong> b\u00e9n\u00e9ficient cependant d&rsquo;une exemption.<\/p><p style=\"font-size:16px;font-style:normal;font-weight:100\">Les v\u00e9hicules \u00e9lectriques l\u00e9gers comme les v\u00e9los et trottinettes \u00e9lectriques \u00e9chappent aussi \u00e0 cette obligation, \u00e0 condition que leur vitesse ne d\u00e9passe pas 25 km\/h.<\/p><p style=\"font-size:16px;font-style:normal;font-weight:100\">Cette mesure vise \u00e0 embrasser un large spectre de v\u00e9hicules, soulignant l&rsquo;importance accord\u00e9e \u00e0 la s\u00e9curit\u00e9 de tous les usagers de la route. La diversit\u00e9 des v\u00e9hicules concern\u00e9s t\u00e9moigne de l&rsquo;ambition de cette r\u00e9forme : garantir une circulation plus s\u00fbre et plus responsable.<\/p><div style=\"height:10px\" aria-hidden=\"true\" class=\"wp-block-spacer\"><\/div><h2 class=\"wp-block-heading\" style=\"font-style:normal;font-weight:700\">Sur quels points le contr\u00f4le va-t-il porter ?<\/h2><p style=\"font-size:16px;font-style:normal;font-weight:100\">Le <strong>contr\u00f4le technique<\/strong> des <strong>deux-roues<\/strong> se penchera sur&nbsp;<strong>78 points<\/strong>&nbsp;critiques li\u00e9s \u00e0 la s\u00e9curit\u00e9 et \u00e0 l&rsquo;environnement. Parmi ces points, une attention particuli\u00e8re sera port\u00e9e aux&nbsp;freins, au guidon, aux feux, aux potentielles fuites et \u00e0 l&rsquo;\u00e9tat des pneus.<\/p><p style=\"font-size:16px;font-style:normal;font-weight:100\"><strong>L&rsquo;objectif ?<\/strong> S&rsquo;assurer que chaque v\u00e9hicule sur nos routes soit en condition optimale pour y circuler, r\u00e9duisant ainsi les risques d&rsquo;accidents li\u00e9s \u00e0 des d\u00e9faillances mat\u00e9rielles.<\/p><p style=\"font-size:16px;font-style:normal;font-weight:100\">La rigueur de ce contr\u00f4le refl\u00e8te la volont\u00e9 de mettre en place un environnement routier plus s\u00fbr. Chaque d\u00e9tail compte quand il s&rsquo;agit de la s\u00e9curit\u00e9 des conducteurs et des passagers.<\/p><div style=\"height:10px\" aria-hidden=\"true\" class=\"wp-block-spacer\"><\/div><h2 class=\"wp-block-heading\" style=\"font-style:normal;font-weight:700\">\u00c0 quelle fr\u00e9quence faut-il passer ce contr\u00f4le technique ?<\/h2><p style=\"font-size:16px;font-style:normal;font-weight:100\"><strong>Une fois pass\u00e9 le premier contr\u00f4le technique<\/strong>, votre <strong>deux-roues<\/strong> devra \u00eatre soumis \u00e0 une v\u00e9rification <strong>tous les&nbsp;trois ans<\/strong>. Cette p\u00e9riodicit\u00e9 vise \u00e0 s&rsquo;assurer que les standards de s\u00e9curit\u00e9 sont maintenus sur la dur\u00e9e, sans pour autant imposer un rythme trop contraignant pour les propri\u00e9taires.<\/p><p style=\"font-size:16px;font-style:normal;font-weight:100\"><strong>En cas de revente<\/strong>, un proc\u00e8s-verbal de contr\u00f4le <strong>de moins de six mois devra<\/strong> \u00eatre pr\u00e9sent\u00e9 \u00e0 l&rsquo;acheteur, garantissant ainsi la transparence et la fiabilit\u00e9 du v\u00e9hicule c\u00e9d\u00e9.<\/p><p style=\"font-size:16px;font-style:normal;font-weight:100\">La mise en place de ce cycle r\u00e9gulier de contr\u00f4les constitue un pilier central de cette r\u00e9forme, assurant un suivi continu et efficace de l&rsquo;\u00e9tat technique des deux-roues en circulation.<\/p><div style=\"height:10px\" aria-hidden=\"true\" class=\"wp-block-spacer\"><\/div><h2 class=\"wp-block-heading\" style=\"font-style:normal;font-weight:700\">Combien co\u00fbtera ce contr\u00f4le technique ?<\/h2><p style=\"font-size:16px;font-style:normal;font-weight:100\">Le prix du <strong>contr\u00f4le technique<\/strong> d&rsquo;un <strong>deux-roues<\/strong> est laiss\u00e9 \u00e0 la discr\u00e9tion des centres agr\u00e9\u00e9s.<\/p><p style=\"font-size:16px;font-style:normal;font-weight:100\">Toutefois, il est attendu que le tarif moyen d\u00e9passe l\u00e9g\u00e8rement les&nbsp;<strong>50 \u20ac<\/strong>.<\/p><p style=\"font-size:16px;font-style:normal;font-weight:100\">Bien que certains puissent s&rsquo;inqui\u00e9ter de cet investissement suppl\u00e9mentaire, il est judicieux de le mettre en perspective avec les b\u00e9n\u00e9fices en termes de s\u00e9curit\u00e9 routi\u00e8re et de pr\u00e9servation de la valeur du v\u00e9hicule. Investir dans ce contr\u00f4le, c&rsquo;est aussi investir dans la long\u00e9vit\u00e9 de son deux-roues et dans sa propre s\u00e9curit\u00e9. Un co\u00fbt initial qui pourrait bien se r\u00e9v\u00e9ler \u00e9conomique sur le long terme.<\/p><div style=\"height:10px\" aria-hidden=\"true\" class=\"wp-block-spacer\"><\/div><h2 class=\"wp-block-heading\" style=\"font-style:normal;font-weight:700\">Que se passe-t-il en cas de d\u00e9faillance critique ?<\/h2><p style=\"font-size:16px;font-style:normal;font-weight:100\">Si votre v\u00e9hicule <strong>deux-roues<\/strong> pr\u00e9sente une&nbsp;<strong>d\u00e9faillance critique<\/strong>&nbsp;lors du <strong>contr\u00f4le technique<\/strong>, il vous sera interdit de circuler avec \u00e0 partir de minuit le jour du contr\u00f4le. Cette mesure drastique souligne la s\u00e9v\u00e9rit\u00e9 avec laquelle les probl\u00e8mes de s\u00e9curit\u00e9 sont d\u00e9sormais pris en compte. Une incitation forte \u00e0 maintenir son v\u00e9hicule en bon \u00e9tat, pour sa propre s\u00e9curit\u00e9 et celle des autres.<\/p><p style=\"font-size:16px;font-style:normal;font-weight:100\">En cas de <strong>contrevisite n\u00e9cessaire<\/strong>, il faudra rem\u00e9dier aux probl\u00e8mes identifi\u00e9s dans les meilleurs d\u00e9lais, de sorte \u00e0 pouvoir reprendre la route en toute l\u00e9galit\u00e9 et s\u00e9curit\u00e9.<\/p><div style=\"height:10px\" aria-hidden=\"true\" class=\"wp-block-spacer\"><\/div><h2 class=\"wp-block-heading\" style=\"font-style:normal;font-weight:700\">Quelles sanctions en l&rsquo;absence d&rsquo;un contr\u00f4le technique ?<\/h2><p style=\"font-size:16px;font-style:normal;font-weight:100\">L&rsquo;absence de <strong>contr\u00f4le technique<\/strong> pour un <strong>deux-roues<\/strong> entraine une <strong>amende<\/strong> d&rsquo;au moins 135 \u20ac, une possible<strong> immobilisation du v\u00e9hicule<\/strong> jusqu&rsquo;\u00e0 la pr\u00e9sentation d&rsquo;un certificat de contr\u00f4le technique ainsi qu&rsquo;une \u00e9ventuelle <strong>mise en fourri\u00e8re<\/strong>.<\/p><div style=\"height:10px\" aria-hidden=\"true\" class=\"wp-block-spacer\"><\/div><h2 class=\"wp-block-heading\" style=\"font-style:normal;font-weight:700\">Un tournant pour la s\u00e9curit\u00e9 routi\u00e8re<\/h2><p style=\"font-size:16px;font-style:normal;font-weight:100\">Le <strong>contr\u00f4le technique<\/strong> obligatoire pour les <strong>deux-roues<\/strong> marque une \u00e9tape significative dans notre approche collective de la s\u00e9curit\u00e9 routi\u00e8re. Il t\u00e9moigne d&rsquo;une prise de conscience accrue des enjeux li\u00e9s \u00e0 la circulation des motos et scooters, souvent per\u00e7us comme plus vuln\u00e9rables sur la route. Cette r\u00e9forme, bien que suscitant des <strong><a href=\"https:\/\/www.bfmtv.com\/societe\/controle-technique-des-motos-les-motards-manifestent-ce-week-end-dans-toute-la-france_AV-202404130107.html\">r\u00e9actions mitig\u00e9es<\/a><\/strong>, s&rsquo;inscrit dans une d\u00e9marche de responsabilisation et de pr\u00e9vention. Elle invite chacun \u00e0 prendre soin de son v\u00e9hicule, non seulement pour se conformer \u00e0 la loi mais aussi pour veiller \u00e0 sa propre s\u00e9curit\u00e9 et \u00e0 celle des autres usagers.<\/p><p style=\"font-size:16px;font-style:normal;font-weight:100\">Ensemble, prenons le virage de la prudence et de la vigilance, pour des voyages toujours plus s\u00fbrs et agr\u00e9ables.<\/p><div style=\"height:100px\" aria-hidden=\"true\" class=\"wp-block-spacer\"><\/div><hr class=\"wp-block-separator has-alpha-channel-opacity\"\/>","protected":false},"excerpt":{"rendered":"<p>Avis \u00e0 tous les amateurs de\u00a0deux-roues\u00a0! Une r\u00e9volution s&rsquo;annonce sur les routes fran\u00e7aises avec l&rsquo;introduction obligatoire du contr\u00f4le technique pour motos, scooters,&#8230;<\/p>\n","protected":false},"author":9,"featured_media":56565,"comment_status":"open","ping_status":"open","sticky":false,"template":"","format":"standard","meta":{"inline_featured_image":false,"footnotes":""},"categories":[50],"tags":[],"class_list":{"0":"post-56553","1":"post","2":"type-post","3":"status-publish","4":"format-standard","5":"has-post-thumbnail","7":"category-droit"},"acf":[],"yoast_head":"<!-- This site is optimized with the Yoast SEO plugin v27.5 - https:\/\/yoast.com\/product\/yoast-seo-wordpress\/ -->\n<title>Contr\u00f4le technique des deux roues : Ce qu&#039;il faut savoir !<\/title>\n<meta name=\"description\" content=\"Contr\u00f4le Technique des Deux-Roues : Quels Deux-Roues sont concern\u00e9s ? \u00c0 quoi sert le contr\u00f4le technique ? Quelles sont les sanctions ?\" \/>\n<meta name=\"robots\" content=\"index, follow, max-snippet:-1, max-image-preview:large, max-video-preview:-1\" \/>\n<link rel=\"canonical\" href=\"https:\/\/matuile.com\/media\/controle-technique-des-2-roues-ce-quil-faut-savoir\/\" \/>\n<meta property=\"og:locale\" content=\"fr_FR\" \/>\n<meta property=\"og:type\" content=\"article\" \/>\n<meta property=\"og:title\" content=\"Contr\u00f4le technique des deux roues : Ce qu&#039;il faut savoir !\" \/>\n<meta property=\"og:description\" content=\"Contr\u00f4le Technique des Deux-Roues : Quels Deux-Roues sont concern\u00e9s ? \u00c0 quoi sert le contr\u00f4le technique ? Quelles sont les sanctions ?\" \/>\n<meta property=\"og:url\" content=\"https:\/\/matuile.com\/media\/controle-technique-des-2-roues-ce-quil-faut-savoir\/\" \/>\n<meta property=\"og:site_name\" content=\"Matuile\" \/>\n<meta property=\"article:published_time\" content=\"2024-05-28T06:57:56+00:00\" \/>\n<meta property=\"article:modified_time\" content=\"2024-05-28T06:58:36+00:00\" \/>\n<meta property=\"og:image\" content=\"https:\/\/matuile.com\/media\/wp-content\/uploads\/2024\/05\/moto-deux-roues-scaled.webp\" \/>\n\t<meta property=\"og:image:width\" content=\"2560\" \/>\n\t<meta property=\"og:image:height\" content=\"1704\" \/>\n\t<meta property=\"og:image:type\" content=\"image\/webp\" \/>\n<meta name=\"author\" content=\"Louise\" \/>\n<meta name=\"twitter:card\" content=\"summary_large_image\" \/>\n<meta name=\"twitter:label1\" content=\"\u00c9crit par\" \/>\n\t<meta name=\"twitter:data1\" content=\"Louise\" \/>\n\t<meta name=\"twitter:label2\" content=\"Dur\u00e9e de lecture estim\u00e9e\" \/>\n\t<meta name=\"twitter:data2\" content=\"5 minutes\" \/>\n<script type=\"application\/ld+json\" class=\"yoast-schema-graph\">{\"@context\":\"https:\\\/\\\/schema.org\",\"@graph\":[{\"@type\":\"Article\",\"@id\":\"https:\\\/\\\/matuile.com\\\/media\\\/controle-technique-des-2-roues-ce-quil-faut-savoir\\\/#article\",\"isPartOf\":{\"@id\":\"https:\\\/\\\/matuile.com\\\/media\\\/controle-technique-des-2-roues-ce-quil-faut-savoir\\\/\"},\"author\":{\"name\":\"Louise\",\"@id\":\"https:\\\/\\\/matuile.com\\\/media\\\/#\\\/schema\\\/person\\\/4bba03e6b777a11b3237934070018534\"},\"headline\":\"Contr\u00f4le technique des 2 roues : Ce qu&rsquo;il faut savoir !\",\"datePublished\":\"2024-05-28T06:57:56+00:00\",\"dateModified\":\"2024-05-28T06:58:36+00:00\",\"mainEntityOfPage\":{\"@id\":\"https:\\\/\\\/matuile.com\\\/media\\\/controle-technique-des-2-roues-ce-quil-faut-savoir\\\/\"},\"wordCount\":969,\"commentCount\":0,\"publisher\":{\"@id\":\"https:\\\/\\\/matuile.com\\\/media\\\/#organization\"},\"image\":{\"@id\":\"https:\\\/\\\/matuile.com\\\/media\\\/controle-technique-des-2-roues-ce-quil-faut-savoir\\\/#primaryimage\"},\"thumbnailUrl\":\"https:\\\/\\\/matuile.com\\\/media\\\/wp-content\\\/uploads\\\/2024\\\/05\\\/moto-deux-roues-scaled.webp\",\"articleSection\":[\"Droit\"],\"inLanguage\":\"fr-FR\",\"potentialAction\":[{\"@type\":\"CommentAction\",\"name\":\"Comment\",\"target\":[\"https:\\\/\\\/matuile.com\\\/media\\\/controle-technique-des-2-roues-ce-quil-faut-savoir\\\/#respond\"]}]},{\"@type\":\"WebPage\",\"@id\":\"https:\\\/\\\/matuile.com\\\/media\\\/controle-technique-des-2-roues-ce-quil-faut-savoir\\\/\",\"url\":\"https:\\\/\\\/matuile.com\\\/media\\\/controle-technique-des-2-roues-ce-quil-faut-savoir\\\/\",\"name\":\"Contr\u00f4le technique des deux roues : Ce qu'il faut savoir !\",\"isPartOf\":{\"@id\":\"https:\\\/\\\/matuile.com\\\/media\\\/#website\"},\"primaryImageOfPage\":{\"@id\":\"https:\\\/\\\/matuile.com\\\/media\\\/controle-technique-des-2-roues-ce-quil-faut-savoir\\\/#primaryimage\"},\"image\":{\"@id\":\"https:\\\/\\\/matuile.com\\\/media\\\/controle-technique-des-2-roues-ce-quil-faut-savoir\\\/#primaryimage\"},\"thumbnailUrl\":\"https:\\\/\\\/matuile.com\\\/media\\\/wp-content\\\/uploads\\\/2024\\\/05\\\/moto-deux-roues-scaled.webp\",\"datePublished\":\"2024-05-28T06:57:56+00:00\",\"dateModified\":\"2024-05-28T06:58:36+00:00\",\"description\":\"Contr\u00f4le Technique des Deux-Roues : Quels Deux-Roues sont concern\u00e9s ? \u00c0 quoi sert le contr\u00f4le technique ? Quelles sont les sanctions ?\",\"breadcrumb\":{\"@id\":\"https:\\\/\\\/matuile.com\\\/media\\\/controle-technique-des-2-roues-ce-quil-faut-savoir\\\/#breadcrumb\"},\"inLanguage\":\"fr-FR\",\"potentialAction\":[{\"@type\":\"ReadAction\",\"target\":[\"https:\\\/\\\/matuile.com\\\/media\\\/controle-technique-des-2-roues-ce-quil-faut-savoir\\\/\"]}]},{\"@type\":\"ImageObject\",\"inLanguage\":\"fr-FR\",\"@id\":\"https:\\\/\\\/matuile.com\\\/media\\\/controle-technique-des-2-roues-ce-quil-faut-savoir\\\/#primaryimage\",\"url\":\"https:\\\/\\\/matuile.com\\\/media\\\/wp-content\\\/uploads\\\/2024\\\/05\\\/moto-deux-roues-scaled.webp\",\"contentUrl\":\"https:\\\/\\\/matuile.com\\\/media\\\/wp-content\\\/uploads\\\/2024\\\/05\\\/moto-deux-roues-scaled.webp\",\"width\":2560,\"height\":1704,\"caption\":\"4 motos sur une route, les uns apr\u00e8s les autres\"},{\"@type\":\"BreadcrumbList\",\"@id\":\"https:\\\/\\\/matuile.com\\\/media\\\/controle-technique-des-2-roues-ce-quil-faut-savoir\\\/#breadcrumb\",\"itemListElement\":[{\"@type\":\"ListItem\",\"position\":1,\"name\":\"Accueil\",\"item\":\"https:\\\/\\\/matuile.com\\\/media\\\/\"},{\"@type\":\"ListItem\",\"position\":2,\"name\":\"Droit\",\"item\":\"https:\\\/\\\/matuile.com\\\/media\\\/category\\\/droit\\\/\"},{\"@type\":\"ListItem\",\"position\":3,\"name\":\"Contr\u00f4le technique des 2 roues : Ce qu&rsquo;il faut savoir !\"}]},{\"@type\":\"WebSite\",\"@id\":\"https:\\\/\\\/matuile.com\\\/media\\\/#website\",\"url\":\"https:\\\/\\\/matuile.com\\\/media\\\/\",\"name\":\"Matuile Blog\",\"description\":\"La solution \u00e0 votre urgence\",\"publisher\":{\"@id\":\"https:\\\/\\\/matuile.com\\\/media\\\/#organization\"},\"alternateName\":\"Matuile\",\"potentialAction\":[{\"@type\":\"SearchAction\",\"target\":{\"@type\":\"EntryPoint\",\"urlTemplate\":\"https:\\\/\\\/matuile.com\\\/media\\\/?s={search_term_string}\"},\"query-input\":{\"@type\":\"PropertyValueSpecification\",\"valueRequired\":true,\"valueName\":\"search_term_string\"}}],\"inLanguage\":\"fr-FR\"},{\"@type\":\"Organization\",\"@id\":\"https:\\\/\\\/matuile.com\\\/media\\\/#organization\",\"name\":\"Matuile\",\"url\":\"https:\\\/\\\/matuile.com\\\/media\\\/\",\"logo\":{\"@type\":\"ImageObject\",\"inLanguage\":\"fr-FR\",\"@id\":\"https:\\\/\\\/matuile.com\\\/media\\\/#\\\/schema\\\/logo\\\/image\\\/\",\"url\":\"https:\\\/\\\/matuile.com\\\/media\\\/wp-content\\\/uploads\\\/2023\\\/04\\\/Matuile.png\",\"contentUrl\":\"https:\\\/\\\/matuile.com\\\/media\\\/wp-content\\\/uploads\\\/2023\\\/04\\\/Matuile.png\",\"width\":700,\"height\":700,\"caption\":\"Matuile\"},\"image\":{\"@id\":\"https:\\\/\\\/matuile.com\\\/media\\\/#\\\/schema\\\/logo\\\/image\\\/\"}},{\"@type\":\"Person\",\"@id\":\"https:\\\/\\\/matuile.com\\\/media\\\/#\\\/schema\\\/person\\\/4bba03e6b777a11b3237934070018534\",\"name\":\"Louise\",\"image\":{\"@type\":\"ImageObject\",\"inLanguage\":\"fr-FR\",\"@id\":\"https:\\\/\\\/secure.gravatar.com\\\/avatar\\\/5a01d57e702d222273ee3a36e4c9b4e041252db9b0a6f90d02d709d4a91d7752?s=96&d=mm&r=g\",\"url\":\"https:\\\/\\\/secure.gravatar.com\\\/avatar\\\/5a01d57e702d222273ee3a36e4c9b4e041252db9b0a6f90d02d709d4a91d7752?s=96&d=mm&r=g\",\"contentUrl\":\"https:\\\/\\\/secure.gravatar.com\\\/avatar\\\/5a01d57e702d222273ee3a36e4c9b4e041252db9b0a6f90d02d709d4a91d7752?s=96&d=mm&r=g\",\"caption\":\"Louise\"},\"url\":\"https:\\\/\\\/matuile.com\\\/media\\\/author\\\/louise\\\/\"}]}<\/script>\n<!-- \/ Yoast SEO plugin. -->","yoast_head_json":{"title":"Contr\u00f4le technique des deux roues : Ce qu'il faut savoir !","description":"Contr\u00f4le Technique des Deux-Roues : Quels Deux-Roues sont concern\u00e9s ? \u00c0 quoi sert le contr\u00f4le technique ? Quelles sont les sanctions ?","robots":{"index":"index","follow":"follow","max-snippet":"max-snippet:-1","max-image-preview":"max-image-preview:large","max-video-preview":"max-video-preview:-1"},"canonical":"https:\/\/matuile.com\/media\/controle-technique-des-2-roues-ce-quil-faut-savoir\/","og_locale":"fr_FR","og_type":"article","og_title":"Contr\u00f4le technique des deux roues : Ce qu'il faut savoir !","og_description":"Contr\u00f4le Technique des Deux-Roues : Quels Deux-Roues sont concern\u00e9s ? \u00c0 quoi sert le contr\u00f4le technique ? Quelles sont les sanctions ?","og_url":"https:\/\/matuile.com\/media\/controle-technique-des-2-roues-ce-quil-faut-savoir\/","og_site_name":"Matuile","article_published_time":"2024-05-28T06:57:56+00:00","article_modified_time":"2024-05-28T06:58:36+00:00","og_image":[{"width":2560,"height":1704,"url":"https:\/\/matuile.com\/media\/wp-content\/uploads\/2024\/05\/moto-deux-roues-scaled.webp","type":"image\/webp"}],"author":"Louise","twitter_card":"summary_large_image","twitter_misc":{"\u00c9crit par":"Louise","Dur\u00e9e de lecture estim\u00e9e":"5 minutes"},"schema":{"@context":"https:\/\/schema.org","@graph":[{"@type":"Article","@id":"https:\/\/matuile.com\/media\/controle-technique-des-2-roues-ce-quil-faut-savoir\/#article","isPartOf":{"@id":"https:\/\/matuile.com\/media\/controle-technique-des-2-roues-ce-quil-faut-savoir\/"},"author":{"name":"Louise","@id":"https:\/\/matuile.com\/media\/#\/schema\/person\/4bba03e6b777a11b3237934070018534"},"headline":"Contr\u00f4le technique des 2 roues : Ce qu&rsquo;il faut savoir !","datePublished":"2024-05-28T06:57:56+00:00","dateModified":"2024-05-28T06:58:36+00:00","mainEntityOfPage":{"@id":"https:\/\/matuile.com\/media\/controle-technique-des-2-roues-ce-quil-faut-savoir\/"},"wordCount":969,"commentCount":0,"publisher":{"@id":"https:\/\/matuile.com\/media\/#organization"},"image":{"@id":"https:\/\/matuile.com\/media\/controle-technique-des-2-roues-ce-quil-faut-savoir\/#primaryimage"},"thumbnailUrl":"https:\/\/matuile.com\/media\/wp-content\/uploads\/2024\/05\/moto-deux-roues-scaled.webp","articleSection":["Droit"],"inLanguage":"fr-FR","potentialAction":[{"@type":"CommentAction","name":"Comment","target":["https:\/\/matuile.com\/media\/controle-technique-des-2-roues-ce-quil-faut-savoir\/#respond"]}]},{"@type":"WebPage","@id":"https:\/\/matuile.com\/media\/controle-technique-des-2-roues-ce-quil-faut-savoir\/","url":"https:\/\/matuile.com\/media\/controle-technique-des-2-roues-ce-quil-faut-savoir\/","name":"Contr\u00f4le technique des deux roues : Ce qu'il faut savoir !","isPartOf":{"@id":"https:\/\/matuile.com\/media\/#website"},"primaryImageOfPage":{"@id":"https:\/\/matuile.com\/media\/controle-technique-des-2-roues-ce-quil-faut-savoir\/#primaryimage"},"image":{"@id":"https:\/\/matuile.com\/media\/controle-technique-des-2-roues-ce-quil-faut-savoir\/#primaryimage"},"thumbnailUrl":"https:\/\/matuile.com\/media\/wp-content\/uploads\/2024\/05\/moto-deux-roues-scaled.webp","datePublished":"2024-05-28T06:57:56+00:00","dateModified":"2024-05-28T06:58:36+00:00","description":"Contr\u00f4le Technique des Deux-Roues : Quels Deux-Roues sont concern\u00e9s ? \u00c0 quoi sert le contr\u00f4le technique ? Quelles sont les sanctions ?","breadcrumb":{"@id":"https:\/\/matuile.com\/media\/controle-technique-des-2-roues-ce-quil-faut-savoir\/#breadcrumb"},"inLanguage":"fr-FR","potentialAction":[{"@type":"ReadAction","target":["https:\/\/matuile.com\/media\/controle-technique-des-2-roues-ce-quil-faut-savoir\/"]}]},{"@type":"ImageObject","inLanguage":"fr-FR","@id":"https:\/\/matuile.com\/media\/controle-technique-des-2-roues-ce-quil-faut-savoir\/#primaryimage","url":"https:\/\/matuile.com\/media\/wp-content\/uploads\/2024\/05\/moto-deux-roues-scaled.webp","contentUrl":"https:\/\/matuile.com\/media\/wp-content\/uploads\/2024\/05\/moto-deux-roues-scaled.webp","width":2560,"height":1704,"caption":"4 motos sur une route, les uns apr\u00e8s les autres"},{"@type":"BreadcrumbList","@id":"https:\/\/matuile.com\/media\/controle-technique-des-2-roues-ce-quil-faut-savoir\/#breadcrumb","itemListElement":[{"@type":"ListItem","position":1,"name":"Accueil","item":"https:\/\/matuile.com\/media\/"},{"@type":"ListItem","position":2,"name":"Droit","item":"https:\/\/matuile.com\/media\/category\/droit\/"},{"@type":"ListItem","position":3,"name":"Contr\u00f4le technique des 2 roues : Ce qu&rsquo;il faut savoir !"}]},{"@type":"WebSite","@id":"https:\/\/matuile.com\/media\/#website","url":"https:\/\/matuile.com\/media\/","name":"Matuile Blog","description":"La solution \u00e0 votre urgence","publisher":{"@id":"https:\/\/matuile.com\/media\/#organization"},"alternateName":"Matuile","potentialAction":[{"@type":"SearchAction","target":{"@type":"EntryPoint","urlTemplate":"https:\/\/matuile.com\/media\/?s={search_term_string}"},"query-input":{"@type":"PropertyValueSpecification","valueRequired":true,"valueName":"search_term_string"}}],"inLanguage":"fr-FR"},{"@type":"Organization","@id":"https:\/\/matuile.com\/media\/#organization","name":"Matuile","url":"https:\/\/matuile.com\/media\/","logo":{"@type":"ImageObject","inLanguage":"fr-FR","@id":"https:\/\/matuile.com\/media\/#\/schema\/logo\/image\/","url":"https:\/\/matuile.com\/media\/wp-content\/uploads\/2023\/04\/Matuile.png","contentUrl":"https:\/\/matuile.com\/media\/wp-content\/uploads\/2023\/04\/Matuile.png","width":700,"height":700,"caption":"Matuile"},"image":{"@id":"https:\/\/matuile.com\/media\/#\/schema\/logo\/image\/"}},{"@type":"Person","@id":"https:\/\/matuile.com\/media\/#\/schema\/person\/4bba03e6b777a11b3237934070018534","name":"Louise","image":{"@type":"ImageObject","inLanguage":"fr-FR","@id":"https:\/\/secure.gravatar.com\/avatar\/5a01d57e702d222273ee3a36e4c9b4e041252db9b0a6f90d02d709d4a91d7752?s=96&d=mm&r=g","url":"https:\/\/secure.gravatar.com\/avatar\/5a01d57e702d222273ee3a36e4c9b4e041252db9b0a6f90d02d709d4a91d7752?s=96&d=mm&r=g","contentUrl":"https:\/\/secure.gravatar.com\/avatar\/5a01d57e702d222273ee3a36e4c9b4e041252db9b0a6f90d02d709d4a91d7752?s=96&d=mm&r=g","caption":"Louise"},"url":"https:\/\/matuile.com\/media\/author\/louise\/"}]}},"_links":{"self":[{"href":"https:\/\/matuile.com\/media\/wp-json\/wp\/v2\/posts\/56553","targetHints":{"allow":["GET"]}}],"collection":[{"href":"https:\/\/matuile.com\/media\/wp-json\/wp\/v2\/posts"}],"about":[{"href":"https:\/\/matuile.com\/media\/wp-json\/wp\/v2\/types\/post"}],"author":[{"embeddable":true,"href":"https:\/\/matuile.com\/media\/wp-json\/wp\/v2\/users\/9"}],"replies":[{"embeddable":true,"href":"https:\/\/matuile.com\/media\/wp-json\/wp\/v2\/comments?post=56553"}],"version-history":[{"count":12,"href":"https:\/\/matuile.com\/media\/wp-json\/wp\/v2\/posts\/56553\/revisions"}],"predecessor-version":[{"id":56569,"href":"https:\/\/matuile.com\/media\/wp-json\/wp\/v2\/posts\/56553\/revisions\/56569"}],"wp:featuredmedia":[{"embeddable":true,"href":"https:\/\/matuile.com\/media\/wp-json\/wp\/v2\/media\/56565"}],"wp:attachment":[{"href":"https:\/\/matuile.com\/media\/wp-json\/wp\/v2\/media?parent=56553"}],"wp:term":[{"taxonomy":"category","embeddable":true,"href":"https:\/\/matuile.com\/media\/wp-json\/wp\/v2\/categories?post=56553"},{"taxonomy":"post_tag","embeddable":true,"href":"https:\/\/matuile.com\/media\/wp-json\/wp\/v2\/tags?post=56553"}],"curies":[{"name":"wp","href":"https:\/\/api.w.org\/{rel}","templated":true}]}}