{"id":54714,"date":"2024-05-16T00:18:55","date_gmt":"2024-05-15T22:18:55","guid":{"rendered":"https:\/\/matuile.com\/media\/?p=54714"},"modified":"2024-05-16T08:05:16","modified_gmt":"2024-05-16T06:05:16","slug":"emeutes-en-nouvelle-caledonie-spirale-de-violence-et-mesures-d-urgence","status":"publish","type":"post","link":"https:\/\/matuile.com\/media\/emeutes-en-nouvelle-caledonie-spirale-de-violence-et-mesures-d-urgence\/","title":{"rendered":"\u00c9meutes en Nouvelle-Cal\u00e9donie : spirale de violence et mesures d&rsquo;urgence"},"content":{"rendered":"<p style=\"font-size:16px;font-style:normal;font-weight:100\"><strong>La Nouvelle-Cal\u00e9donie est secou\u00e9e par des \u00e9meutes qui ont pouss\u00e9 le pr\u00e9sident Emmanuel Macron \u00e0 d\u00e9clarer un \u00e9tat d&rsquo;urgence<\/strong>. Une d\u00e9cision lourde de cons\u00e9quences dans un territoire d\u00e9j\u00e0 marqu\u00e9 par des tensions ind\u00e9pendantistes. <strong>Trois vies ont \u00e9t\u00e9 tragiquement perdues<\/strong>, dont celle d&rsquo;un gendarme, plongeant la population dans une profonde affliction. <strong>Des centaines de bless\u00e9s, des affrontements violents<\/strong>, des v\u00e9hicules incendi\u00e9s : le tableau est sombre. <strong>Quelles sont les r\u00e9percussions et les mesures prises par les autorit\u00e9s ?<\/strong> Plongeons au c\u0153ur de cette crise majeure.<\/p><div style=\"height:20px\" aria-hidden=\"true\" class=\"wp-block-spacer\"><\/div><h2 class=\"wp-block-heading\"><strong>Quel est le bilan des \u00e9meutes ?<\/strong><\/h2><p style=\"font-size:16px;font-style:normal;font-weight:100\">Le bilan de ces jours est lourd : <strong>trois morts, des centaines de bless\u00e9s<\/strong>, dont une centaine parmi les forces de l&rsquo;ordre. Les images de <strong>voitures en flammes<\/strong> et de vitrines bris\u00e9es ont fait le tour des m\u00e9dias, illustrant <strong>l&rsquo;ampleur des affrontements<\/strong>. Les services hospitaliers ont \u00e9t\u00e9 mis \u00e0 rude \u00e9preuve, devant traiter un afflux massif de bless\u00e9s. Les pompiers luttaient sans rel\u00e2che contre les incendies provoqu\u00e9s par les \u00e9meutes.<\/p><p style=\"font-size:16px;font-style:normal;font-weight:100\"><strong>Cette explosion de violence a de plus un impact psychologique profond sur la population<\/strong>, traumatis\u00e9e par la brutalit\u00e9 des affrontements et la perte de vies humaines.<\/p><blockquote class=\"wp-block-quote has-text-align-center is-layout-flow wp-block-quote-is-layout-flow\"><p class=\"has-text-color has-link-color has-large-font-size wp-elements-a23468c70eecbe9727bb969cf52810b0\" style=\"color:#0103f9;font-style:normal;font-weight:700\"><strong>La tension<\/strong> reste palpable dans l&rsquo;air, m\u00eame si les autorit\u00e9s s&rsquo;efforcent de restaurer le calme<\/p><\/blockquote><div style=\"height:10px\" aria-hidden=\"true\" class=\"wp-block-spacer\"><\/div><h2 class=\"wp-block-heading\"><strong>Pourquoi l&rsquo;\u00e9tat d&rsquo;urgence a-t-il \u00e9t\u00e9 d\u00e9clar\u00e9 ?<\/strong><\/h2><p style=\"font-size:16px;font-style:normal;font-weight:100\">L&rsquo;escalade de violence a atteint un seuil critique lorsque plusieurs quartiers se sont embras\u00e9s. <strong>Face \u00e0 la gravit\u00e9 de la situation, marqu\u00e9e par la mort d&rsquo;un gendarme et de deux civils, <a href=\"https:\/\/www.lefigaro.fr\/politique\/en-direct-nouvelle-caledonie-situation-insurrectionnelle-dans-l-archipel-deux-personnes-decedees-20240515\">le gouvernement n&rsquo;a eu d&rsquo;autre choix que de d\u00e9cr\u00e9ter l&rsquo;\u00e9tat d&rsquo;urgence<\/a><\/strong>. Cette mesure exceptionnelle vise \u00e0 restaurer l&rsquo;ordre public. Elle permet aux autorit\u00e9s de disposer de pouvoirs \u00e9tendus pour g\u00e9rer la crise, notamment en mati\u00e8re de restriction de la circulation et de rassemblement.<\/p><p style=\"font-size:16px;font-style:normal;font-weight:100\"><strong>L&rsquo;instauration rapide de cet \u00e9tat d&rsquo;urgence refl\u00e8te la d\u00e9termination de l&rsquo;\u00c9tat \u00e0 reprendre le contr\u00f4le<\/strong> et \u00e0 assurer la s\u00e9curit\u00e9 des citoyens. Elle permet de plus une mobilisation accrue des ressources polici\u00e8res et judiciaires pour r\u00e9pondre efficacement \u00e0 l&rsquo;urgence de la situation.<\/p><div style=\"height:10px\" aria-hidden=\"true\" class=\"wp-block-spacer\"><\/div><h2 class=\"wp-block-heading\"><strong>Des ind\u00e9pendantistes radicaux assign\u00e9s \u00e0 r\u00e9sidence<\/strong><\/h2><p style=\"font-size:16px;font-style:normal;font-weight:100\">Dans le cadre des mesures d&rsquo;urgence, <strong><a href=\"https:\/\/www.leparisien.fr\/politique\/direct-nouvelle-caledonie-une-personne-tuee-par-balle-apres-une-nouvelle-nuit-demeutes-15-05-2024-IF3FKT4ER5GTFOERIF4GIBJFDI.php\">certains leaders ind\u00e9pendantistes radicaux ont \u00e9t\u00e9 assign\u00e9s \u00e0 r\u00e9sidence<\/a><\/strong>. Cette d\u00e9cision, bien que controvers\u00e9e, vise \u00e0 limiter les risques de nouvelles escalades de violence. Elle permet de restreindre les mouvements des personnes susceptibles de les orchestrer. <strong>L&rsquo;assignation \u00e0 r\u00e9sidence permet de surveiller \u00e9troitement ces individus<\/strong> tout en respectant un cadre l\u00e9gal.<\/p><p style=\"font-size:16px;font-style:normal;font-weight:100\">Les autorit\u00e9s insistent sur le caract\u00e8re temporaire et exceptionnel de cette mesure, appliqu\u00e9e dans le strict respect des droits fondamentaux. Cependant, cette strat\u00e9gie soul\u00e8ve des questions sur son efficacit\u00e9 \u00e0 long terme et son impact sur le processus de r\u00e9conciliation dans la r\u00e9gion.<\/p><div style=\"height:20px\" aria-hidden=\"true\" class=\"wp-block-spacer\"><\/div><div class=\"wp-block-columns is-layout-flex wp-container-core-columns-is-layout-9d6595d7 wp-block-columns-is-layout-flex\"><div class=\"wp-block-column is-layout-flow wp-block-column-is-layout-flow\"><\/div>\n\n<div class=\"wp-block-column is-layout-flow wp-block-column-is-layout-flow\"><figure class=\"wp-block-embed is-type-rich is-provider-twitter wp-block-embed-twitter\"><div class=\"wp-block-embed__wrapper\">\n<div class=\"embed-container\"><blockquote class=\"twitter-tweet\" data-width=\"550\" data-dnt=\"true\"><p lang=\"fr\" dir=\"ltr\">L\u2019instauration de l\u2019\u00e9tat d\u2019urgence en Nouvelle-Cal\u00e9donie voulue par le Pr\u00e9sident de la R\u00e9publique permet de prendre des mesures imm\u00e9diates : je viens de signer les 5 premiers arr\u00eat\u00e9s d\u2019assignation \u00e0 r\u00e9sidence de responsables radicaux et violents. Sur mon instruction, des\u2026<\/p>&mdash; G\u00e9rald DARMANIN (@GDarmanin) <a href=\"https:\/\/twitter.com\/GDarmanin\/status\/1790835361481961596?ref_src=twsrc%5Etfw\">May 15, 2024<\/a><\/blockquote><script async src=\"https:\/\/platform.twitter.com\/widgets.js\" charset=\"utf-8\"><\/script><\/div>\n<\/div><\/figure><\/div>\n\n<div class=\"wp-block-column is-layout-flow wp-block-column-is-layout-flow\"><\/div><\/div><div style=\"height:10px\" aria-hidden=\"true\" class=\"wp-block-spacer\"><\/div><h2 class=\"wp-block-heading\"><strong>Quelles sanctions pour les \u00e9meutiers ?<\/strong><\/h2><p style=\"font-size:16px;font-style:normal;font-weight:100\"><strong>Face \u00e0 cette crise, la justice n&rsquo;a pas tard\u00e9 \u00e0 r\u00e9agir. Plusieurs dizaines d&rsquo;\u00e9meutiers ont \u00e9t\u00e9 arr\u00eat\u00e9s et plac\u00e9s en <a href=\"https:\/\/matuile.com\/media\/comment-se-passe-une-garde-a-vue\/\">garde \u00e0 vue<\/a><\/strong>. Ils seront pr\u00e9sent\u00e9s \u00e0 la justice dans les jours \u00e0 venir. Les charges retenues contre eux varient selon leur implication dans les violences. Elles vont de la participation \u00e0 un attroupement arm\u00e9 \u00e0 des actes plus graves comme des agressions sur les forces de l&rsquo;ordre ou des destructions de biens publics et priv\u00e9s.<\/p><p style=\"font-size:16px;font-style:normal;font-weight:100\"><strong>La r\u00e9ponse judiciaire se veut \u00e0 la hauteur de la gravit\u00e9 des faits<\/strong>. Elle a un double objectif : <strong>punir les coupables et dissuader d&rsquo;\u00e9ventuelles r\u00e9cidives<\/strong>. La fermet\u00e9 des peines, qui pourraient inclure de la prison ferme pour les cas les plus s\u00e9v\u00e8res, est d\u00e9terminante pour restaurer l&rsquo;ordre public et la confiance dans l&rsquo;\u00c9tat de droit.<\/p><div style=\"height:10px\" aria-hidden=\"true\" class=\"wp-block-spacer\"><\/div><h2 class=\"wp-block-heading\"><strong>Quelles perspectives ?<\/strong><\/h2><p style=\"font-size:16px;font-style:normal;font-weight:100\"><strong>Les r\u00e9centes \u00e9meutes en Nouvelle-Cal\u00e9donie ont mis en lumi\u00e8re des fractures profondes<\/strong> au sein de cette soci\u00e9t\u00e9 insulaire. L&rsquo;\u00e9tat d&rsquo;urgence, bien que mesure drastique, \u00e9tait n\u00e9cessaire pour tenter de ramener la paix et l&rsquo;ordre. Toutefois, la route vers une v\u00e9ritable r\u00e9conciliation sera longue et sem\u00e9e d&#8217;emb\u00fbches. <strong>La r\u00e9ponse s\u00e9curitaire doit s&rsquo;accompagner d&rsquo;un dialogue renou\u00e9 et de propositions concr\u00e8tes<\/strong> pour r\u00e9pondre aux revendications des diff\u00e9rentes parties de la population.<\/p><p style=\"font-size:16px;font-style:normal;font-weight:100\">Reste \u00e0 voir comment ces \u00e9v\u00e9nements influenceront la politique g\u00e9n\u00e9rale en Nouvelle-Cal\u00e9donie. Quelle forme prendront les futures n\u00e9gociations entre les ind\u00e9pendantistes, les loyalistes et le gouvernement central ? Un nouveau chapitre s&rsquo;\u00e9crit, esp\u00e9rons-le, vers une r\u00e9solution pacifique des tensions qui secouent ce coin de France lointain.<\/p><div style=\"height:100px\" aria-hidden=\"true\" class=\"wp-block-spacer\"><\/div><hr class=\"wp-block-separator has-alpha-channel-opacity\"\/>","protected":false},"excerpt":{"rendered":"<p>La Nouvelle-Cal\u00e9donie est secou\u00e9e par des \u00e9meutes qui ont pouss\u00e9 le pr\u00e9sident Emmanuel Macron \u00e0 d\u00e9clarer un \u00e9tat d&rsquo;urgence. Une d\u00e9cision lourde&#8230;<\/p>\n","protected":false},"author":9,"featured_media":54727,"comment_status":"open","ping_status":"open","sticky":false,"template":"","format":"standard","meta":{"inline_featured_image":false,"footnotes":""},"categories":[50],"tags":[],"class_list":{"0":"post-54714","1":"post","2":"type-post","3":"status-publish","4":"format-standard","5":"has-post-thumbnail","7":"category-droit"},"acf":[],"yoast_head":"<!-- This site is optimized with the Yoast SEO plugin v27.5 - https:\/\/yoast.com\/product\/yoast-seo-wordpress\/ -->\n<title>\u00c9meutes en Nouvelle-Cal\u00e9donie : violences et mesures d&#039;urgence<\/title>\n<meta name=\"description\" content=\"Face aux \u00e9meutes en Nouvelle Cal\u00e9donie et la mort de 3 personnes, la France vient de d\u00e9clarer l&#039;\u00e9tat d&#039;urgence sur place\" \/>\n<meta name=\"robots\" content=\"index, follow, max-snippet:-1, max-image-preview:large, max-video-preview:-1\" \/>\n<link rel=\"canonical\" href=\"https:\/\/matuile.com\/media\/emeutes-en-nouvelle-caledonie-spirale-de-violence-et-mesures-d-urgence\/\" \/>\n<meta property=\"og:locale\" content=\"fr_FR\" \/>\n<meta property=\"og:type\" content=\"article\" \/>\n<meta property=\"og:title\" content=\"\u00c9meutes en Nouvelle-Cal\u00e9donie : violences et mesures d&#039;urgence\" \/>\n<meta property=\"og:description\" content=\"Face aux \u00e9meutes en Nouvelle Cal\u00e9donie et la mort de 3 personnes, la France vient de d\u00e9clarer l&#039;\u00e9tat d&#039;urgence sur place\" \/>\n<meta property=\"og:url\" content=\"https:\/\/matuile.com\/media\/emeutes-en-nouvelle-caledonie-spirale-de-violence-et-mesures-d-urgence\/\" \/>\n<meta property=\"og:site_name\" content=\"Matuile\" \/>\n<meta property=\"article:published_time\" content=\"2024-05-15T22:18:55+00:00\" \/>\n<meta property=\"article:modified_time\" content=\"2024-05-16T06:05:16+00:00\" \/>\n<meta property=\"og:image\" content=\"https:\/\/matuile.com\/media\/wp-content\/uploads\/2024\/05\/nouvelle-caledonie-1.png\" \/>\n\t<meta property=\"og:image:width\" content=\"2560\" \/>\n\t<meta property=\"og:image:height\" content=\"1706\" \/>\n\t<meta property=\"og:image:type\" content=\"image\/png\" \/>\n<meta name=\"author\" content=\"Louise\" \/>\n<meta name=\"twitter:card\" content=\"summary_large_image\" \/>\n<meta name=\"twitter:label1\" content=\"\u00c9crit par\" \/>\n\t<meta name=\"twitter:data1\" content=\"Louise\" \/>\n\t<meta name=\"twitter:label2\" content=\"Dur\u00e9e de lecture estim\u00e9e\" \/>\n\t<meta name=\"twitter:data2\" content=\"4 minutes\" \/>\n<script type=\"application\/ld+json\" class=\"yoast-schema-graph\">{\"@context\":\"https:\\\/\\\/schema.org\",\"@graph\":[{\"@type\":\"Article\",\"@id\":\"https:\\\/\\\/matuile.com\\\/media\\\/emeutes-en-nouvelle-caledonie-spirale-de-violence-et-mesures-d-urgence\\\/#article\",\"isPartOf\":{\"@id\":\"https:\\\/\\\/matuile.com\\\/media\\\/emeutes-en-nouvelle-caledonie-spirale-de-violence-et-mesures-d-urgence\\\/\"},\"author\":{\"name\":\"Louise\",\"@id\":\"https:\\\/\\\/matuile.com\\\/media\\\/#\\\/schema\\\/person\\\/4bba03e6b777a11b3237934070018534\"},\"headline\":\"\u00c9meutes en Nouvelle-Cal\u00e9donie : spirale de violence et mesures d&rsquo;urgence\",\"datePublished\":\"2024-05-15T22:18:55+00:00\",\"dateModified\":\"2024-05-16T06:05:16+00:00\",\"mainEntityOfPage\":{\"@id\":\"https:\\\/\\\/matuile.com\\\/media\\\/emeutes-en-nouvelle-caledonie-spirale-de-violence-et-mesures-d-urgence\\\/\"},\"wordCount\":767,\"commentCount\":0,\"publisher\":{\"@id\":\"https:\\\/\\\/matuile.com\\\/media\\\/#organization\"},\"image\":{\"@id\":\"https:\\\/\\\/matuile.com\\\/media\\\/emeutes-en-nouvelle-caledonie-spirale-de-violence-et-mesures-d-urgence\\\/#primaryimage\"},\"thumbnailUrl\":\"https:\\\/\\\/matuile.com\\\/media\\\/wp-content\\\/uploads\\\/2024\\\/05\\\/nouvelle-caledonie-1.png\",\"articleSection\":[\"Droit\"],\"inLanguage\":\"fr-FR\",\"potentialAction\":[{\"@type\":\"CommentAction\",\"name\":\"Comment\",\"target\":[\"https:\\\/\\\/matuile.com\\\/media\\\/emeutes-en-nouvelle-caledonie-spirale-de-violence-et-mesures-d-urgence\\\/#respond\"]}]},{\"@type\":\"WebPage\",\"@id\":\"https:\\\/\\\/matuile.com\\\/media\\\/emeutes-en-nouvelle-caledonie-spirale-de-violence-et-mesures-d-urgence\\\/\",\"url\":\"https:\\\/\\\/matuile.com\\\/media\\\/emeutes-en-nouvelle-caledonie-spirale-de-violence-et-mesures-d-urgence\\\/\",\"name\":\"\u00c9meutes en Nouvelle-Cal\u00e9donie : violences et mesures d'urgence\",\"isPartOf\":{\"@id\":\"https:\\\/\\\/matuile.com\\\/media\\\/#website\"},\"primaryImageOfPage\":{\"@id\":\"https:\\\/\\\/matuile.com\\\/media\\\/emeutes-en-nouvelle-caledonie-spirale-de-violence-et-mesures-d-urgence\\\/#primaryimage\"},\"image\":{\"@id\":\"https:\\\/\\\/matuile.com\\\/media\\\/emeutes-en-nouvelle-caledonie-spirale-de-violence-et-mesures-d-urgence\\\/#primaryimage\"},\"thumbnailUrl\":\"https:\\\/\\\/matuile.com\\\/media\\\/wp-content\\\/uploads\\\/2024\\\/05\\\/nouvelle-caledonie-1.png\",\"datePublished\":\"2024-05-15T22:18:55+00:00\",\"dateModified\":\"2024-05-16T06:05:16+00:00\",\"description\":\"Face aux \u00e9meutes en Nouvelle Cal\u00e9donie et la mort de 3 personnes, la France vient de d\u00e9clarer l'\u00e9tat d'urgence sur place\",\"breadcrumb\":{\"@id\":\"https:\\\/\\\/matuile.com\\\/media\\\/emeutes-en-nouvelle-caledonie-spirale-de-violence-et-mesures-d-urgence\\\/#breadcrumb\"},\"inLanguage\":\"fr-FR\",\"potentialAction\":[{\"@type\":\"ReadAction\",\"target\":[\"https:\\\/\\\/matuile.com\\\/media\\\/emeutes-en-nouvelle-caledonie-spirale-de-violence-et-mesures-d-urgence\\\/\"]}]},{\"@type\":\"ImageObject\",\"inLanguage\":\"fr-FR\",\"@id\":\"https:\\\/\\\/matuile.com\\\/media\\\/emeutes-en-nouvelle-caledonie-spirale-de-violence-et-mesures-d-urgence\\\/#primaryimage\",\"url\":\"https:\\\/\\\/matuile.com\\\/media\\\/wp-content\\\/uploads\\\/2024\\\/05\\\/nouvelle-caledonie-1.png\",\"contentUrl\":\"https:\\\/\\\/matuile.com\\\/media\\\/wp-content\\\/uploads\\\/2024\\\/05\\\/nouvelle-caledonie-1.png\",\"width\":2560,\"height\":1706,\"caption\":\"\u00e9meutes en Nouvelle Cal\u00e9donie\"},{\"@type\":\"BreadcrumbList\",\"@id\":\"https:\\\/\\\/matuile.com\\\/media\\\/emeutes-en-nouvelle-caledonie-spirale-de-violence-et-mesures-d-urgence\\\/#breadcrumb\",\"itemListElement\":[{\"@type\":\"ListItem\",\"position\":1,\"name\":\"Accueil\",\"item\":\"https:\\\/\\\/matuile.com\\\/media\\\/\"},{\"@type\":\"ListItem\",\"position\":2,\"name\":\"Droit\",\"item\":\"https:\\\/\\\/matuile.com\\\/media\\\/category\\\/droit\\\/\"},{\"@type\":\"ListItem\",\"position\":3,\"name\":\"\u00c9meutes en Nouvelle-Cal\u00e9donie : spirale de violence et mesures d&rsquo;urgence\"}]},{\"@type\":\"WebSite\",\"@id\":\"https:\\\/\\\/matuile.com\\\/media\\\/#website\",\"url\":\"https:\\\/\\\/matuile.com\\\/media\\\/\",\"name\":\"Matuile Blog\",\"description\":\"La solution \u00e0 votre urgence\",\"publisher\":{\"@id\":\"https:\\\/\\\/matuile.com\\\/media\\\/#organization\"},\"alternateName\":\"Matuile\",\"potentialAction\":[{\"@type\":\"SearchAction\",\"target\":{\"@type\":\"EntryPoint\",\"urlTemplate\":\"https:\\\/\\\/matuile.com\\\/media\\\/?s={search_term_string}\"},\"query-input\":{\"@type\":\"PropertyValueSpecification\",\"valueRequired\":true,\"valueName\":\"search_term_string\"}}],\"inLanguage\":\"fr-FR\"},{\"@type\":\"Organization\",\"@id\":\"https:\\\/\\\/matuile.com\\\/media\\\/#organization\",\"name\":\"Matuile\",\"url\":\"https:\\\/\\\/matuile.com\\\/media\\\/\",\"logo\":{\"@type\":\"ImageObject\",\"inLanguage\":\"fr-FR\",\"@id\":\"https:\\\/\\\/matuile.com\\\/media\\\/#\\\/schema\\\/logo\\\/image\\\/\",\"url\":\"https:\\\/\\\/matuile.com\\\/media\\\/wp-content\\\/uploads\\\/2023\\\/04\\\/Matuile.png\",\"contentUrl\":\"https:\\\/\\\/matuile.com\\\/media\\\/wp-content\\\/uploads\\\/2023\\\/04\\\/Matuile.png\",\"width\":700,\"height\":700,\"caption\":\"Matuile\"},\"image\":{\"@id\":\"https:\\\/\\\/matuile.com\\\/media\\\/#\\\/schema\\\/logo\\\/image\\\/\"}},{\"@type\":\"Person\",\"@id\":\"https:\\\/\\\/matuile.com\\\/media\\\/#\\\/schema\\\/person\\\/4bba03e6b777a11b3237934070018534\",\"name\":\"Louise\",\"image\":{\"@type\":\"ImageObject\",\"inLanguage\":\"fr-FR\",\"@id\":\"https:\\\/\\\/secure.gravatar.com\\\/avatar\\\/5a01d57e702d222273ee3a36e4c9b4e041252db9b0a6f90d02d709d4a91d7752?s=96&d=mm&r=g\",\"url\":\"https:\\\/\\\/secure.gravatar.com\\\/avatar\\\/5a01d57e702d222273ee3a36e4c9b4e041252db9b0a6f90d02d709d4a91d7752?s=96&d=mm&r=g\",\"contentUrl\":\"https:\\\/\\\/secure.gravatar.com\\\/avatar\\\/5a01d57e702d222273ee3a36e4c9b4e041252db9b0a6f90d02d709d4a91d7752?s=96&d=mm&r=g\",\"caption\":\"Louise\"},\"url\":\"https:\\\/\\\/matuile.com\\\/media\\\/author\\\/louise\\\/\"}]}<\/script>\n<!-- \/ Yoast SEO plugin. -->","yoast_head_json":{"title":"\u00c9meutes en Nouvelle-Cal\u00e9donie : violences et mesures d'urgence","description":"Face aux \u00e9meutes en Nouvelle Cal\u00e9donie et la mort de 3 personnes, la France vient de d\u00e9clarer l'\u00e9tat d'urgence sur place","robots":{"index":"index","follow":"follow","max-snippet":"max-snippet:-1","max-image-preview":"max-image-preview:large","max-video-preview":"max-video-preview:-1"},"canonical":"https:\/\/matuile.com\/media\/emeutes-en-nouvelle-caledonie-spirale-de-violence-et-mesures-d-urgence\/","og_locale":"fr_FR","og_type":"article","og_title":"\u00c9meutes en Nouvelle-Cal\u00e9donie : violences et mesures d'urgence","og_description":"Face aux \u00e9meutes en Nouvelle Cal\u00e9donie et la mort de 3 personnes, la France vient de d\u00e9clarer l'\u00e9tat d'urgence sur place","og_url":"https:\/\/matuile.com\/media\/emeutes-en-nouvelle-caledonie-spirale-de-violence-et-mesures-d-urgence\/","og_site_name":"Matuile","article_published_time":"2024-05-15T22:18:55+00:00","article_modified_time":"2024-05-16T06:05:16+00:00","og_image":[{"width":2560,"height":1706,"url":"https:\/\/matuile.com\/media\/wp-content\/uploads\/2024\/05\/nouvelle-caledonie-1.png","type":"image\/png"}],"author":"Louise","twitter_card":"summary_large_image","twitter_misc":{"\u00c9crit par":"Louise","Dur\u00e9e de lecture estim\u00e9e":"4 minutes"},"schema":{"@context":"https:\/\/schema.org","@graph":[{"@type":"Article","@id":"https:\/\/matuile.com\/media\/emeutes-en-nouvelle-caledonie-spirale-de-violence-et-mesures-d-urgence\/#article","isPartOf":{"@id":"https:\/\/matuile.com\/media\/emeutes-en-nouvelle-caledonie-spirale-de-violence-et-mesures-d-urgence\/"},"author":{"name":"Louise","@id":"https:\/\/matuile.com\/media\/#\/schema\/person\/4bba03e6b777a11b3237934070018534"},"headline":"\u00c9meutes en Nouvelle-Cal\u00e9donie : spirale de violence et mesures d&rsquo;urgence","datePublished":"2024-05-15T22:18:55+00:00","dateModified":"2024-05-16T06:05:16+00:00","mainEntityOfPage":{"@id":"https:\/\/matuile.com\/media\/emeutes-en-nouvelle-caledonie-spirale-de-violence-et-mesures-d-urgence\/"},"wordCount":767,"commentCount":0,"publisher":{"@id":"https:\/\/matuile.com\/media\/#organization"},"image":{"@id":"https:\/\/matuile.com\/media\/emeutes-en-nouvelle-caledonie-spirale-de-violence-et-mesures-d-urgence\/#primaryimage"},"thumbnailUrl":"https:\/\/matuile.com\/media\/wp-content\/uploads\/2024\/05\/nouvelle-caledonie-1.png","articleSection":["Droit"],"inLanguage":"fr-FR","potentialAction":[{"@type":"CommentAction","name":"Comment","target":["https:\/\/matuile.com\/media\/emeutes-en-nouvelle-caledonie-spirale-de-violence-et-mesures-d-urgence\/#respond"]}]},{"@type":"WebPage","@id":"https:\/\/matuile.com\/media\/emeutes-en-nouvelle-caledonie-spirale-de-violence-et-mesures-d-urgence\/","url":"https:\/\/matuile.com\/media\/emeutes-en-nouvelle-caledonie-spirale-de-violence-et-mesures-d-urgence\/","name":"\u00c9meutes en Nouvelle-Cal\u00e9donie : violences et mesures d'urgence","isPartOf":{"@id":"https:\/\/matuile.com\/media\/#website"},"primaryImageOfPage":{"@id":"https:\/\/matuile.com\/media\/emeutes-en-nouvelle-caledonie-spirale-de-violence-et-mesures-d-urgence\/#primaryimage"},"image":{"@id":"https:\/\/matuile.com\/media\/emeutes-en-nouvelle-caledonie-spirale-de-violence-et-mesures-d-urgence\/#primaryimage"},"thumbnailUrl":"https:\/\/matuile.com\/media\/wp-content\/uploads\/2024\/05\/nouvelle-caledonie-1.png","datePublished":"2024-05-15T22:18:55+00:00","dateModified":"2024-05-16T06:05:16+00:00","description":"Face aux \u00e9meutes en Nouvelle Cal\u00e9donie et la mort de 3 personnes, la France vient de d\u00e9clarer l'\u00e9tat d'urgence sur place","breadcrumb":{"@id":"https:\/\/matuile.com\/media\/emeutes-en-nouvelle-caledonie-spirale-de-violence-et-mesures-d-urgence\/#breadcrumb"},"inLanguage":"fr-FR","potentialAction":[{"@type":"ReadAction","target":["https:\/\/matuile.com\/media\/emeutes-en-nouvelle-caledonie-spirale-de-violence-et-mesures-d-urgence\/"]}]},{"@type":"ImageObject","inLanguage":"fr-FR","@id":"https:\/\/matuile.com\/media\/emeutes-en-nouvelle-caledonie-spirale-de-violence-et-mesures-d-urgence\/#primaryimage","url":"https:\/\/matuile.com\/media\/wp-content\/uploads\/2024\/05\/nouvelle-caledonie-1.png","contentUrl":"https:\/\/matuile.com\/media\/wp-content\/uploads\/2024\/05\/nouvelle-caledonie-1.png","width":2560,"height":1706,"caption":"\u00e9meutes en Nouvelle Cal\u00e9donie"},{"@type":"BreadcrumbList","@id":"https:\/\/matuile.com\/media\/emeutes-en-nouvelle-caledonie-spirale-de-violence-et-mesures-d-urgence\/#breadcrumb","itemListElement":[{"@type":"ListItem","position":1,"name":"Accueil","item":"https:\/\/matuile.com\/media\/"},{"@type":"ListItem","position":2,"name":"Droit","item":"https:\/\/matuile.com\/media\/category\/droit\/"},{"@type":"ListItem","position":3,"name":"\u00c9meutes en Nouvelle-Cal\u00e9donie : spirale de violence et mesures d&rsquo;urgence"}]},{"@type":"WebSite","@id":"https:\/\/matuile.com\/media\/#website","url":"https:\/\/matuile.com\/media\/","name":"Matuile Blog","description":"La solution \u00e0 votre urgence","publisher":{"@id":"https:\/\/matuile.com\/media\/#organization"},"alternateName":"Matuile","potentialAction":[{"@type":"SearchAction","target":{"@type":"EntryPoint","urlTemplate":"https:\/\/matuile.com\/media\/?s={search_term_string}"},"query-input":{"@type":"PropertyValueSpecification","valueRequired":true,"valueName":"search_term_string"}}],"inLanguage":"fr-FR"},{"@type":"Organization","@id":"https:\/\/matuile.com\/media\/#organization","name":"Matuile","url":"https:\/\/matuile.com\/media\/","logo":{"@type":"ImageObject","inLanguage":"fr-FR","@id":"https:\/\/matuile.com\/media\/#\/schema\/logo\/image\/","url":"https:\/\/matuile.com\/media\/wp-content\/uploads\/2023\/04\/Matuile.png","contentUrl":"https:\/\/matuile.com\/media\/wp-content\/uploads\/2023\/04\/Matuile.png","width":700,"height":700,"caption":"Matuile"},"image":{"@id":"https:\/\/matuile.com\/media\/#\/schema\/logo\/image\/"}},{"@type":"Person","@id":"https:\/\/matuile.com\/media\/#\/schema\/person\/4bba03e6b777a11b3237934070018534","name":"Louise","image":{"@type":"ImageObject","inLanguage":"fr-FR","@id":"https:\/\/secure.gravatar.com\/avatar\/5a01d57e702d222273ee3a36e4c9b4e041252db9b0a6f90d02d709d4a91d7752?s=96&d=mm&r=g","url":"https:\/\/secure.gravatar.com\/avatar\/5a01d57e702d222273ee3a36e4c9b4e041252db9b0a6f90d02d709d4a91d7752?s=96&d=mm&r=g","contentUrl":"https:\/\/secure.gravatar.com\/avatar\/5a01d57e702d222273ee3a36e4c9b4e041252db9b0a6f90d02d709d4a91d7752?s=96&d=mm&r=g","caption":"Louise"},"url":"https:\/\/matuile.com\/media\/author\/louise\/"}]}},"_links":{"self":[{"href":"https:\/\/matuile.com\/media\/wp-json\/wp\/v2\/posts\/54714","targetHints":{"allow":["GET"]}}],"collection":[{"href":"https:\/\/matuile.com\/media\/wp-json\/wp\/v2\/posts"}],"about":[{"href":"https:\/\/matuile.com\/media\/wp-json\/wp\/v2\/types\/post"}],"author":[{"embeddable":true,"href":"https:\/\/matuile.com\/media\/wp-json\/wp\/v2\/users\/9"}],"replies":[{"embeddable":true,"href":"https:\/\/matuile.com\/media\/wp-json\/wp\/v2\/comments?post=54714"}],"version-history":[{"count":4,"href":"https:\/\/matuile.com\/media\/wp-json\/wp\/v2\/posts\/54714\/revisions"}],"predecessor-version":[{"id":54724,"href":"https:\/\/matuile.com\/media\/wp-json\/wp\/v2\/posts\/54714\/revisions\/54724"}],"wp:featuredmedia":[{"embeddable":true,"href":"https:\/\/matuile.com\/media\/wp-json\/wp\/v2\/media\/54727"}],"wp:attachment":[{"href":"https:\/\/matuile.com\/media\/wp-json\/wp\/v2\/media?parent=54714"}],"wp:term":[{"taxonomy":"category","embeddable":true,"href":"https:\/\/matuile.com\/media\/wp-json\/wp\/v2\/categories?post=54714"},{"taxonomy":"post_tag","embeddable":true,"href":"https:\/\/matuile.com\/media\/wp-json\/wp\/v2\/tags?post=54714"}],"curies":[{"name":"wp","href":"https:\/\/api.w.org\/{rel}","templated":true}]}}