{"id":50801,"date":"2024-05-02T10:33:55","date_gmt":"2024-05-02T08:33:55","guid":{"rendered":"https:\/\/matuile.com\/media\/?p=50801"},"modified":"2024-05-02T10:40:17","modified_gmt":"2024-05-02T08:40:17","slug":"londres-les-premiers-migrants-expulses-vers-le-rwanda","status":"publish","type":"post","link":"https:\/\/matuile.com\/media\/londres-les-premiers-migrants-expulses-vers-le-rwanda\/","title":{"rendered":"Londres : Les premiers migrants expuls\u00e9s vers le Rwanda"},"content":{"rendered":"<p style=\"font-size:16px;font-style:normal;font-weight:100\">Une d\u00e9cision qui fait couler beaucoup d&rsquo;encre et soul\u00e8ve un toll\u00e9 d&rsquo;indignations. Londres franchit un pas de plus dans sa politique migratoire en amor\u00e7ant le processus d&rsquo;expulsion de migrants vers le Rwanda. Une mesure qui n&rsquo;est pas sans rappeler les tensions et les questionnements profonds sur la gestion des flux migratoires \u00e0 l&rsquo;\u00e9chelle mondiale. Le minist\u00e8re britannique de l&rsquo;Int\u00e9rieur a confirm\u00e9 que les premi\u00e8res arrestations ont d\u00e9j\u00e0 eu lieu, marquant le d\u00e9but d&rsquo;une s\u00e9rie d&rsquo;op\u00e9rations d&rsquo;envergure nationale. Mais derri\u00e8re les chiffres et les proc\u00e9dures, se cachent des destins bris\u00e9s et des espoirs \u00e9vanouis. Plongeons ensemble dans les arcanes de cette actualit\u00e9 qui ne laisse personne indiff\u00e9rent.<\/p><div style=\"height:10px\" aria-hidden=\"true\" class=\"wp-block-spacer\"><\/div><h2 class=\"wp-block-heading\" style=\"font-style:normal;font-weight:700\">Quels sont les principaux acteurs de cette d\u00e9cision ?<\/h2><p style=\"font-size:16px;font-style:normal;font-weight:100\">Le <strong>gouvernement britannique<\/strong>, sous la houlette du minist\u00e8re de l&rsquo;Int\u00e9rieur, se positionne comme le ma\u00eetre d&rsquo;orchestre de cette politique controvers\u00e9e. D\u00e9termin\u00e9 \u00e0 r\u00e9duire le nombre de migrants arrivant sur son territoire, il envisage cette expulsion comme un moyen de dissuasion. De l&rsquo;autre c\u00f4t\u00e9, le <strong>Rwanda<\/strong> accueille ce projet dans un cadre d&rsquo;accord bilat\u00e9ral, suscitant interrogations et pr\u00e9occupations quant aux conditions d&rsquo;accueil et de respect des droits humains des personnes expuls\u00e9es.<\/p><p style=\"font-size:16px;font-style:normal;font-weight:100\">Les organisations de d\u00e9fense des droits de l&rsquo;homme, tant au niveau local qu&rsquo;international, s&rsquo;\u00e9l\u00e8vent vigoureusement contre cette mesure. Elles pointent du doigt les risques de violation des droits fondamentaux et appellent \u00e0 une r\u00e9flexion plus humaine et solidaire face \u00e0 la crise migratoire.<\/p><div style=\"height:10px\" aria-hidden=\"true\" class=\"wp-block-spacer\"><\/div><h2 class=\"wp-block-heading\" style=\"font-style:normal;font-weight:700\">Quel est l&rsquo;objectif vis\u00e9 par le Royaume-Uni ?<\/h2><p style=\"font-size:16px;font-style:normal;font-weight:100\">La finalit\u00e9 affich\u00e9e par les autorit\u00e9s britanniques est claire : <strong>d\u00e9courager l&rsquo;arriv\u00e9e de nouveaux migrants<\/strong>. En transf\u00e9rant les individus d\u00e9j\u00e0 pr\u00e9sents sur le sol britannique vers le Rwanda, le message envoy\u00e9 se veut dissuasif. Cette strat\u00e9gie s&rsquo;inscrit dans une logique de\u00a0<strong>gestion des flux migratoires<\/strong>\u00a0jug\u00e9e n\u00e9cessaire par le gouvernement pour pr\u00e9server ses ressources et garantir la s\u00e9curit\u00e9.<\/p><p style=\"font-size:16px;font-style:normal;font-weight:100\">Cette politique s&rsquo;ancre \u00e9galement dans un contexte de d\u00e9bat public intense sur la capacit\u00e9 d&rsquo;accueil et l&rsquo;int\u00e9gration des migrants. Le gouvernement britannique met en avant la n\u00e9cessit\u00e9 de lutter contre les r\u00e9seaux de passeurs et de prot\u00e9ger les fronti\u00e8res nationales.<\/p><div style=\"height:10px\" aria-hidden=\"true\" class=\"wp-block-spacer\"><\/div><h2 class=\"wp-block-heading\" style=\"font-style:normal;font-weight:700\">Quelles sont les implications pour les migrants ?<\/h2><p style=\"font-size:16px;font-style:normal;font-weight:100\">Les cons\u00e9quences pour les migrants sont profondes et souvent dramatiques. L&rsquo;arrestation et la d\u00e9tention marquent le d\u00e9but d&rsquo;un parcours incertain, empreint d&rsquo;angoisse et de d\u00e9sespoir. La perspective d&rsquo;\u00eatre expuls\u00e9 vers un pays \u00e9tranger, loin de leurs proches et de leurs projets de vie, repr\u00e9sente une source de d\u00e9tresse immense pour beaucoup.<\/p><p style=\"font-size:16px;font-style:normal;font-weight:100\">De plus, les questions relatives aux conditions d&rsquo;accueil et \u00e0 la possibilit\u00e9 de mener une vie digne au Rwanda restent en suspens. Les migrants se retrouvent confront\u00e9s \u00e0 un avenir incertain, o\u00f9 la lutte pour leurs droits et leur bien-\u00eatre s&rsquo;annonce ardue.<\/p><div style=\"height:10px\" aria-hidden=\"true\" class=\"wp-block-spacer\"><\/div><h2 class=\"wp-block-heading\" style=\"font-style:normal;font-weight:700\">Comment la communaut\u00e9 internationale r\u00e9agit-elle ?<\/h2><p style=\"font-size:16px;font-style:normal;font-weight:100\">La communaut\u00e9 internationale observe avec pr\u00e9occupation cette \u00e9volution de la politique migratoire du Royaume-Uni. Si certains \u00c9tats et organisations voient dans cette d\u00e9marche un mod\u00e8le potentiel, d&rsquo;autres expriment leur vive opposition, consid\u00e9rant que ces mesures violent les conventions internationales sur les droits de l&rsquo;homme et le droit d&rsquo;asile.<\/p><p style=\"font-size:16px;font-style:normal;font-weight:100\">Les agences des Nations Unies, ainsi que de nombreuses ONG, multiplient les appels \u00e0 repenser la coop\u00e9ration en mati\u00e8re de migration. Elles soulignent l&rsquo;importance de solutions globales, respectueuses des droits de chaque individu et fond\u00e9es sur la solidarit\u00e9 internationale.<\/p><div style=\"height:10px\" aria-hidden=\"true\" class=\"wp-block-spacer\"><\/div><h2 class=\"wp-block-heading\" style=\"font-style:normal;font-weight:700\">Quelles alternatives \u00e0 cette politique migratoire sont propos\u00e9es ?<\/h2><p style=\"font-size:16px;font-style:normal;font-weight:100\">Face aux <strong><a href=\"https:\/\/www.france24.com\/fr\/europe\/20240430-le-royaume-uni-expulse-un-premier-demandeur-d-asile-vers-le-rwanda\">premi\u00e8res expulsions vers le Rwanda<\/a><\/strong>, des voix s&rsquo;\u00e9l\u00e8vent pour proposer des alternatives. Renforcer les voies l\u00e9gales de migration, investir dans l&rsquo;int\u00e9gration et le soutien aux demandeurs d&rsquo;asile, r\u00e9partir les migrants entre les \u00c9tats ou encore d\u00e9velopper des programmes de r\u00e9installation sont autant de pistes envisag\u00e9es. Leur id\u00e9e centrale est de concevoir la migration non comme un probl\u00e8me mais comme une chance pour les soci\u00e9t\u00e9s d&rsquo;accueil et les migrants eux-m\u00eames.<\/p><p style=\"font-size:16px;font-style:normal;font-weight:100\">Il est \u00e9galement sugg\u00e9r\u00e9 de travailler de concert avec les pays d&rsquo;origine et de transit pour traiter les causes profondes des migrations, telles que les conflits, la pauvret\u00e9 ou le changement climatique. Une approche globale et coordonn\u00e9e qui demanderait engagement et solidarit\u00e9 de tous les acteurs concern\u00e9s.<\/p><div style=\"height:100px\" aria-hidden=\"true\" class=\"wp-block-spacer\"><\/div><hr class=\"wp-block-separator has-alpha-channel-opacity\"\/>","protected":false},"excerpt":{"rendered":"<p>Une d\u00e9cision qui fait couler beaucoup d&rsquo;encre et soul\u00e8ve un toll\u00e9 d&rsquo;indignations. Londres franchit un pas de plus dans sa politique migratoire&#8230;<\/p>\n","protected":false},"author":9,"featured_media":50809,"comment_status":"open","ping_status":"open","sticky":false,"template":"","format":"standard","meta":{"inline_featured_image":false,"footnotes":""},"categories":[50],"tags":[],"class_list":{"0":"post-50801","1":"post","2":"type-post","3":"status-publish","4":"format-standard","5":"has-post-thumbnail","7":"category-droit"},"acf":[],"yoast_head":"<!-- This site is optimized with the Yoast SEO plugin v27.5 - https:\/\/yoast.com\/product\/yoast-seo-wordpress\/ -->\n<title>Londres : Les premiers migrants expuls\u00e9s vers le Rwanda<\/title>\n<meta name=\"description\" content=\"D\u00e9couvrez les derniers d\u00e9veloppements sur les expulsions controvers\u00e9es des migrants vers le Rwanda depuis Londres.\" \/>\n<meta name=\"robots\" content=\"index, follow, max-snippet:-1, max-image-preview:large, max-video-preview:-1\" \/>\n<link rel=\"canonical\" href=\"https:\/\/matuile.com\/media\/londres-les-premiers-migrants-expulses-vers-le-rwanda\/\" \/>\n<meta property=\"og:locale\" content=\"fr_FR\" \/>\n<meta property=\"og:type\" content=\"article\" \/>\n<meta property=\"og:title\" content=\"Londres : Les premiers migrants expuls\u00e9s vers le Rwanda\" \/>\n<meta property=\"og:description\" content=\"D\u00e9couvrez les derniers d\u00e9veloppements sur les expulsions controvers\u00e9es des migrants vers le Rwanda depuis Londres.\" \/>\n<meta property=\"og:url\" content=\"https:\/\/matuile.com\/media\/londres-les-premiers-migrants-expulses-vers-le-rwanda\/\" \/>\n<meta property=\"og:site_name\" content=\"Matuile\" \/>\n<meta property=\"article:published_time\" content=\"2024-05-02T08:33:55+00:00\" \/>\n<meta property=\"article:modified_time\" content=\"2024-05-02T08:40:17+00:00\" \/>\n<meta property=\"og:image\" content=\"https:\/\/matuile.com\/media\/wp-content\/uploads\/2024\/05\/drapeau-britanique-big-ben-4516x3011-1-scaled.jpeg\" \/>\n\t<meta property=\"og:image:width\" content=\"2560\" \/>\n\t<meta property=\"og:image:height\" content=\"1707\" \/>\n\t<meta property=\"og:image:type\" content=\"image\/jpeg\" \/>\n<meta name=\"author\" content=\"Louise\" \/>\n<meta name=\"twitter:card\" content=\"summary_large_image\" \/>\n<meta name=\"twitter:label1\" content=\"\u00c9crit par\" \/>\n\t<meta name=\"twitter:data1\" content=\"Louise\" \/>\n\t<meta name=\"twitter:label2\" content=\"Dur\u00e9e de lecture estim\u00e9e\" \/>\n\t<meta name=\"twitter:data2\" content=\"4 minutes\" \/>\n<script type=\"application\/ld+json\" class=\"yoast-schema-graph\">{\"@context\":\"https:\\\/\\\/schema.org\",\"@graph\":[{\"@type\":\"Article\",\"@id\":\"https:\\\/\\\/matuile.com\\\/media\\\/londres-les-premiers-migrants-expulses-vers-le-rwanda\\\/#article\",\"isPartOf\":{\"@id\":\"https:\\\/\\\/matuile.com\\\/media\\\/londres-les-premiers-migrants-expulses-vers-le-rwanda\\\/\"},\"author\":{\"name\":\"Louise\",\"@id\":\"https:\\\/\\\/matuile.com\\\/media\\\/#\\\/schema\\\/person\\\/4bba03e6b777a11b3237934070018534\"},\"headline\":\"Londres : Les premiers migrants expuls\u00e9s vers le Rwanda\",\"datePublished\":\"2024-05-02T08:33:55+00:00\",\"dateModified\":\"2024-05-02T08:40:17+00:00\",\"mainEntityOfPage\":{\"@id\":\"https:\\\/\\\/matuile.com\\\/media\\\/londres-les-premiers-migrants-expulses-vers-le-rwanda\\\/\"},\"wordCount\":733,\"commentCount\":0,\"publisher\":{\"@id\":\"https:\\\/\\\/matuile.com\\\/media\\\/#organization\"},\"image\":{\"@id\":\"https:\\\/\\\/matuile.com\\\/media\\\/londres-les-premiers-migrants-expulses-vers-le-rwanda\\\/#primaryimage\"},\"thumbnailUrl\":\"https:\\\/\\\/matuile.com\\\/media\\\/wp-content\\\/uploads\\\/2024\\\/05\\\/drapeau-britanique-big-ben-4516x3011-1-scaled.jpeg\",\"articleSection\":[\"Droit\"],\"inLanguage\":\"fr-FR\",\"potentialAction\":[{\"@type\":\"CommentAction\",\"name\":\"Comment\",\"target\":[\"https:\\\/\\\/matuile.com\\\/media\\\/londres-les-premiers-migrants-expulses-vers-le-rwanda\\\/#respond\"]}]},{\"@type\":\"WebPage\",\"@id\":\"https:\\\/\\\/matuile.com\\\/media\\\/londres-les-premiers-migrants-expulses-vers-le-rwanda\\\/\",\"url\":\"https:\\\/\\\/matuile.com\\\/media\\\/londres-les-premiers-migrants-expulses-vers-le-rwanda\\\/\",\"name\":\"Londres : Les premiers migrants expuls\u00e9s vers le Rwanda\",\"isPartOf\":{\"@id\":\"https:\\\/\\\/matuile.com\\\/media\\\/#website\"},\"primaryImageOfPage\":{\"@id\":\"https:\\\/\\\/matuile.com\\\/media\\\/londres-les-premiers-migrants-expulses-vers-le-rwanda\\\/#primaryimage\"},\"image\":{\"@id\":\"https:\\\/\\\/matuile.com\\\/media\\\/londres-les-premiers-migrants-expulses-vers-le-rwanda\\\/#primaryimage\"},\"thumbnailUrl\":\"https:\\\/\\\/matuile.com\\\/media\\\/wp-content\\\/uploads\\\/2024\\\/05\\\/drapeau-britanique-big-ben-4516x3011-1-scaled.jpeg\",\"datePublished\":\"2024-05-02T08:33:55+00:00\",\"dateModified\":\"2024-05-02T08:40:17+00:00\",\"description\":\"D\u00e9couvrez les derniers d\u00e9veloppements sur les expulsions controvers\u00e9es des migrants vers le Rwanda depuis Londres.\",\"breadcrumb\":{\"@id\":\"https:\\\/\\\/matuile.com\\\/media\\\/londres-les-premiers-migrants-expulses-vers-le-rwanda\\\/#breadcrumb\"},\"inLanguage\":\"fr-FR\",\"potentialAction\":[{\"@type\":\"ReadAction\",\"target\":[\"https:\\\/\\\/matuile.com\\\/media\\\/londres-les-premiers-migrants-expulses-vers-le-rwanda\\\/\"]}]},{\"@type\":\"ImageObject\",\"inLanguage\":\"fr-FR\",\"@id\":\"https:\\\/\\\/matuile.com\\\/media\\\/londres-les-premiers-migrants-expulses-vers-le-rwanda\\\/#primaryimage\",\"url\":\"https:\\\/\\\/matuile.com\\\/media\\\/wp-content\\\/uploads\\\/2024\\\/05\\\/drapeau-britanique-big-ben-4516x3011-1-scaled.jpeg\",\"contentUrl\":\"https:\\\/\\\/matuile.com\\\/media\\\/wp-content\\\/uploads\\\/2024\\\/05\\\/drapeau-britanique-big-ben-4516x3011-1-scaled.jpeg\",\"width\":2560,\"height\":1707},{\"@type\":\"BreadcrumbList\",\"@id\":\"https:\\\/\\\/matuile.com\\\/media\\\/londres-les-premiers-migrants-expulses-vers-le-rwanda\\\/#breadcrumb\",\"itemListElement\":[{\"@type\":\"ListItem\",\"position\":1,\"name\":\"Accueil\",\"item\":\"https:\\\/\\\/matuile.com\\\/media\\\/\"},{\"@type\":\"ListItem\",\"position\":2,\"name\":\"Droit\",\"item\":\"https:\\\/\\\/matuile.com\\\/media\\\/category\\\/droit\\\/\"},{\"@type\":\"ListItem\",\"position\":3,\"name\":\"Londres : Les premiers migrants expuls\u00e9s vers le Rwanda\"}]},{\"@type\":\"WebSite\",\"@id\":\"https:\\\/\\\/matuile.com\\\/media\\\/#website\",\"url\":\"https:\\\/\\\/matuile.com\\\/media\\\/\",\"name\":\"Matuile Blog\",\"description\":\"La solution \u00e0 votre urgence\",\"publisher\":{\"@id\":\"https:\\\/\\\/matuile.com\\\/media\\\/#organization\"},\"alternateName\":\"Matuile\",\"potentialAction\":[{\"@type\":\"SearchAction\",\"target\":{\"@type\":\"EntryPoint\",\"urlTemplate\":\"https:\\\/\\\/matuile.com\\\/media\\\/?s={search_term_string}\"},\"query-input\":{\"@type\":\"PropertyValueSpecification\",\"valueRequired\":true,\"valueName\":\"search_term_string\"}}],\"inLanguage\":\"fr-FR\"},{\"@type\":\"Organization\",\"@id\":\"https:\\\/\\\/matuile.com\\\/media\\\/#organization\",\"name\":\"Matuile\",\"url\":\"https:\\\/\\\/matuile.com\\\/media\\\/\",\"logo\":{\"@type\":\"ImageObject\",\"inLanguage\":\"fr-FR\",\"@id\":\"https:\\\/\\\/matuile.com\\\/media\\\/#\\\/schema\\\/logo\\\/image\\\/\",\"url\":\"https:\\\/\\\/matuile.com\\\/media\\\/wp-content\\\/uploads\\\/2023\\\/04\\\/Matuile.png\",\"contentUrl\":\"https:\\\/\\\/matuile.com\\\/media\\\/wp-content\\\/uploads\\\/2023\\\/04\\\/Matuile.png\",\"width\":700,\"height\":700,\"caption\":\"Matuile\"},\"image\":{\"@id\":\"https:\\\/\\\/matuile.com\\\/media\\\/#\\\/schema\\\/logo\\\/image\\\/\"}},{\"@type\":\"Person\",\"@id\":\"https:\\\/\\\/matuile.com\\\/media\\\/#\\\/schema\\\/person\\\/4bba03e6b777a11b3237934070018534\",\"name\":\"Louise\",\"image\":{\"@type\":\"ImageObject\",\"inLanguage\":\"fr-FR\",\"@id\":\"https:\\\/\\\/secure.gravatar.com\\\/avatar\\\/5a01d57e702d222273ee3a36e4c9b4e041252db9b0a6f90d02d709d4a91d7752?s=96&d=mm&r=g\",\"url\":\"https:\\\/\\\/secure.gravatar.com\\\/avatar\\\/5a01d57e702d222273ee3a36e4c9b4e041252db9b0a6f90d02d709d4a91d7752?s=96&d=mm&r=g\",\"contentUrl\":\"https:\\\/\\\/secure.gravatar.com\\\/avatar\\\/5a01d57e702d222273ee3a36e4c9b4e041252db9b0a6f90d02d709d4a91d7752?s=96&d=mm&r=g\",\"caption\":\"Louise\"},\"url\":\"https:\\\/\\\/matuile.com\\\/media\\\/author\\\/louise\\\/\"}]}<\/script>\n<!-- \/ Yoast SEO plugin. -->","yoast_head_json":{"title":"Londres : Les premiers migrants expuls\u00e9s vers le Rwanda","description":"D\u00e9couvrez les derniers d\u00e9veloppements sur les expulsions controvers\u00e9es des migrants vers le Rwanda depuis Londres.","robots":{"index":"index","follow":"follow","max-snippet":"max-snippet:-1","max-image-preview":"max-image-preview:large","max-video-preview":"max-video-preview:-1"},"canonical":"https:\/\/matuile.com\/media\/londres-les-premiers-migrants-expulses-vers-le-rwanda\/","og_locale":"fr_FR","og_type":"article","og_title":"Londres : Les premiers migrants expuls\u00e9s vers le Rwanda","og_description":"D\u00e9couvrez les derniers d\u00e9veloppements sur les expulsions controvers\u00e9es des migrants vers le Rwanda depuis Londres.","og_url":"https:\/\/matuile.com\/media\/londres-les-premiers-migrants-expulses-vers-le-rwanda\/","og_site_name":"Matuile","article_published_time":"2024-05-02T08:33:55+00:00","article_modified_time":"2024-05-02T08:40:17+00:00","og_image":[{"width":2560,"height":1707,"url":"https:\/\/matuile.com\/media\/wp-content\/uploads\/2024\/05\/drapeau-britanique-big-ben-4516x3011-1-scaled.jpeg","type":"image\/jpeg"}],"author":"Louise","twitter_card":"summary_large_image","twitter_misc":{"\u00c9crit par":"Louise","Dur\u00e9e de lecture estim\u00e9e":"4 minutes"},"schema":{"@context":"https:\/\/schema.org","@graph":[{"@type":"Article","@id":"https:\/\/matuile.com\/media\/londres-les-premiers-migrants-expulses-vers-le-rwanda\/#article","isPartOf":{"@id":"https:\/\/matuile.com\/media\/londres-les-premiers-migrants-expulses-vers-le-rwanda\/"},"author":{"name":"Louise","@id":"https:\/\/matuile.com\/media\/#\/schema\/person\/4bba03e6b777a11b3237934070018534"},"headline":"Londres : Les premiers migrants expuls\u00e9s vers le Rwanda","datePublished":"2024-05-02T08:33:55+00:00","dateModified":"2024-05-02T08:40:17+00:00","mainEntityOfPage":{"@id":"https:\/\/matuile.com\/media\/londres-les-premiers-migrants-expulses-vers-le-rwanda\/"},"wordCount":733,"commentCount":0,"publisher":{"@id":"https:\/\/matuile.com\/media\/#organization"},"image":{"@id":"https:\/\/matuile.com\/media\/londres-les-premiers-migrants-expulses-vers-le-rwanda\/#primaryimage"},"thumbnailUrl":"https:\/\/matuile.com\/media\/wp-content\/uploads\/2024\/05\/drapeau-britanique-big-ben-4516x3011-1-scaled.jpeg","articleSection":["Droit"],"inLanguage":"fr-FR","potentialAction":[{"@type":"CommentAction","name":"Comment","target":["https:\/\/matuile.com\/media\/londres-les-premiers-migrants-expulses-vers-le-rwanda\/#respond"]}]},{"@type":"WebPage","@id":"https:\/\/matuile.com\/media\/londres-les-premiers-migrants-expulses-vers-le-rwanda\/","url":"https:\/\/matuile.com\/media\/londres-les-premiers-migrants-expulses-vers-le-rwanda\/","name":"Londres : Les premiers migrants expuls\u00e9s vers le Rwanda","isPartOf":{"@id":"https:\/\/matuile.com\/media\/#website"},"primaryImageOfPage":{"@id":"https:\/\/matuile.com\/media\/londres-les-premiers-migrants-expulses-vers-le-rwanda\/#primaryimage"},"image":{"@id":"https:\/\/matuile.com\/media\/londres-les-premiers-migrants-expulses-vers-le-rwanda\/#primaryimage"},"thumbnailUrl":"https:\/\/matuile.com\/media\/wp-content\/uploads\/2024\/05\/drapeau-britanique-big-ben-4516x3011-1-scaled.jpeg","datePublished":"2024-05-02T08:33:55+00:00","dateModified":"2024-05-02T08:40:17+00:00","description":"D\u00e9couvrez les derniers d\u00e9veloppements sur les expulsions controvers\u00e9es des migrants vers le Rwanda depuis Londres.","breadcrumb":{"@id":"https:\/\/matuile.com\/media\/londres-les-premiers-migrants-expulses-vers-le-rwanda\/#breadcrumb"},"inLanguage":"fr-FR","potentialAction":[{"@type":"ReadAction","target":["https:\/\/matuile.com\/media\/londres-les-premiers-migrants-expulses-vers-le-rwanda\/"]}]},{"@type":"ImageObject","inLanguage":"fr-FR","@id":"https:\/\/matuile.com\/media\/londres-les-premiers-migrants-expulses-vers-le-rwanda\/#primaryimage","url":"https:\/\/matuile.com\/media\/wp-content\/uploads\/2024\/05\/drapeau-britanique-big-ben-4516x3011-1-scaled.jpeg","contentUrl":"https:\/\/matuile.com\/media\/wp-content\/uploads\/2024\/05\/drapeau-britanique-big-ben-4516x3011-1-scaled.jpeg","width":2560,"height":1707},{"@type":"BreadcrumbList","@id":"https:\/\/matuile.com\/media\/londres-les-premiers-migrants-expulses-vers-le-rwanda\/#breadcrumb","itemListElement":[{"@type":"ListItem","position":1,"name":"Accueil","item":"https:\/\/matuile.com\/media\/"},{"@type":"ListItem","position":2,"name":"Droit","item":"https:\/\/matuile.com\/media\/category\/droit\/"},{"@type":"ListItem","position":3,"name":"Londres : Les premiers migrants expuls\u00e9s vers le Rwanda"}]},{"@type":"WebSite","@id":"https:\/\/matuile.com\/media\/#website","url":"https:\/\/matuile.com\/media\/","name":"Matuile Blog","description":"La solution \u00e0 votre urgence","publisher":{"@id":"https:\/\/matuile.com\/media\/#organization"},"alternateName":"Matuile","potentialAction":[{"@type":"SearchAction","target":{"@type":"EntryPoint","urlTemplate":"https:\/\/matuile.com\/media\/?s={search_term_string}"},"query-input":{"@type":"PropertyValueSpecification","valueRequired":true,"valueName":"search_term_string"}}],"inLanguage":"fr-FR"},{"@type":"Organization","@id":"https:\/\/matuile.com\/media\/#organization","name":"Matuile","url":"https:\/\/matuile.com\/media\/","logo":{"@type":"ImageObject","inLanguage":"fr-FR","@id":"https:\/\/matuile.com\/media\/#\/schema\/logo\/image\/","url":"https:\/\/matuile.com\/media\/wp-content\/uploads\/2023\/04\/Matuile.png","contentUrl":"https:\/\/matuile.com\/media\/wp-content\/uploads\/2023\/04\/Matuile.png","width":700,"height":700,"caption":"Matuile"},"image":{"@id":"https:\/\/matuile.com\/media\/#\/schema\/logo\/image\/"}},{"@type":"Person","@id":"https:\/\/matuile.com\/media\/#\/schema\/person\/4bba03e6b777a11b3237934070018534","name":"Louise","image":{"@type":"ImageObject","inLanguage":"fr-FR","@id":"https:\/\/secure.gravatar.com\/avatar\/5a01d57e702d222273ee3a36e4c9b4e041252db9b0a6f90d02d709d4a91d7752?s=96&d=mm&r=g","url":"https:\/\/secure.gravatar.com\/avatar\/5a01d57e702d222273ee3a36e4c9b4e041252db9b0a6f90d02d709d4a91d7752?s=96&d=mm&r=g","contentUrl":"https:\/\/secure.gravatar.com\/avatar\/5a01d57e702d222273ee3a36e4c9b4e041252db9b0a6f90d02d709d4a91d7752?s=96&d=mm&r=g","caption":"Louise"},"url":"https:\/\/matuile.com\/media\/author\/louise\/"}]}},"_links":{"self":[{"href":"https:\/\/matuile.com\/media\/wp-json\/wp\/v2\/posts\/50801","targetHints":{"allow":["GET"]}}],"collection":[{"href":"https:\/\/matuile.com\/media\/wp-json\/wp\/v2\/posts"}],"about":[{"href":"https:\/\/matuile.com\/media\/wp-json\/wp\/v2\/types\/post"}],"author":[{"embeddable":true,"href":"https:\/\/matuile.com\/media\/wp-json\/wp\/v2\/users\/9"}],"replies":[{"embeddable":true,"href":"https:\/\/matuile.com\/media\/wp-json\/wp\/v2\/comments?post=50801"}],"version-history":[{"count":21,"href":"https:\/\/matuile.com\/media\/wp-json\/wp\/v2\/posts\/50801\/revisions"}],"predecessor-version":[{"id":50826,"href":"https:\/\/matuile.com\/media\/wp-json\/wp\/v2\/posts\/50801\/revisions\/50826"}],"wp:featuredmedia":[{"embeddable":true,"href":"https:\/\/matuile.com\/media\/wp-json\/wp\/v2\/media\/50809"}],"wp:attachment":[{"href":"https:\/\/matuile.com\/media\/wp-json\/wp\/v2\/media?parent=50801"}],"wp:term":[{"taxonomy":"category","embeddable":true,"href":"https:\/\/matuile.com\/media\/wp-json\/wp\/v2\/categories?post=50801"},{"taxonomy":"post_tag","embeddable":true,"href":"https:\/\/matuile.com\/media\/wp-json\/wp\/v2\/tags?post=50801"}],"curies":[{"name":"wp","href":"https:\/\/api.w.org\/{rel}","templated":true}]}}