{"id":50007,"date":"2024-05-10T19:35:57","date_gmt":"2024-05-10T17:35:57","guid":{"rendered":"https:\/\/matuile.com\/media\/?p=50007"},"modified":"2024-05-10T19:37:06","modified_gmt":"2024-05-10T17:37:06","slug":"consequence-garde-a-vue","status":"publish","type":"post","link":"https:\/\/matuile.com\/media\/consequence-garde-a-vue\/","title":{"rendered":"Cons\u00e9quences d&rsquo;une garde \u00e0 vue : Juridiques, Personnelles et Professionnelles"},"content":{"rendered":"<p style=\"font-size:16px;font-style:normal;font-weight:100\">La\u00a0<strong>garde \u00e0 vue<\/strong>, cette\u00a0<strong>mesure privative de libert\u00e9<\/strong>, constitue un moment charni\u00e8re dans le cadre d&rsquo;une\u00a0<strong>enqu\u00eate judiciaire<\/strong>. Lorsqu&rsquo;une\u00a0<strong>personne suspect\u00e9e\u00a0d&rsquo;avoir\u00a0commis\u00a0une infraction<\/strong> se retrouve face \u00e0 ce proc\u00e9dure, les implications peuvent s&rsquo;\u00e9tendre bien au-del\u00e0 du cadre l\u00e9gal. Ce tourbillon judiciaire m\u00e8ne \u00e0 <strong>diff\u00e9rents\u00a0statuts\u00a0possibles post-garde \u00e0 vue<\/strong>, allant de la lib\u00e9ration sans\u00a0charge\u00a0\u00e0 des cons\u00e9quences plus lourdes. Comment se d\u00e9roule cette proc\u00e9dure et quels sont ses impacts potentiels sur l&rsquo;individu ?<strong> Voici une exploration des diff\u00e9rentes \u00e9tapes et cons\u00e9quences li\u00e9es \u00e0 la\u00a0garde \u00e0 vue.<\/strong><\/p><div style=\"height:10px\" aria-hidden=\"true\" class=\"wp-block-spacer\"><\/div><h2 class=\"wp-block-heading\" style=\"font-style:normal;font-weight:700\">Que se passe-t-il pendant une garde \u00e0 vue (GAV) ?<\/h2><p style=\"font-size:16px;font-style:normal;font-weight:100\">D\u00e8s le d\u00e9but, la personne plac\u00e9e en\u00a0garde \u00e0 vue\u00a0se voit notifier les raisons de cette\u00a0mesure privative de libert\u00e9\u00a0et est\u00a0inform\u00e9e\u00a0sur l&rsquo;infraction\u00a0qui lui est reproch\u00e9e. Elle apprend par ailleurs ses\u00a0droits, dont celui d&rsquo;\u00eatre assist\u00e9e par un avocat. Cette phase initiale est d\u00e9terminante, car elle pose les bases du traitement judiciaire qui suivra.<\/p><p style=\"font-size:16px;font-style:normal;font-weight:100\">La dur\u00e9e initial de cette mesure est de\u00a024 heures, avec une possibilit\u00e9 de\u00a0prolongation\u00a0sous certaines conditions, notamment si l&rsquo;infraction est punie de plus d&rsquo;un an de\u00a0prison. Cette extension est souvent justifi\u00e9e par la recherche d&rsquo;indices\u00a0ou de\u00a0preuves\u00a0suppl\u00e9mentaires.<\/p><p style=\"font-size:16px;font-style:normal;font-weight:100\">La <strong>cons\u00e9quence<\/strong> ou la fin d&rsquo;une&nbsp;<strong>garde \u00e0 vue<\/strong> peut donner lieu \u00e0 diff\u00e9rentes situations : le&nbsp;<strong>classement sans suite<\/strong>, une&nbsp;<strong>convocation<\/strong>&nbsp;devant un&nbsp;<strong>magistrat<\/strong>, un <strong>d\u00e9ferrement<\/strong> ou encore des mesures alternatives telles que la&nbsp;<strong>m\u00e9diation p\u00e9nale<\/strong>&nbsp;ou une&nbsp;<strong>composition p\u00e9nale<\/strong>. Ces d\u00e9cisions d\u00e9pendent largement du&nbsp;<strong>d\u00e9roulement<\/strong>&nbsp;de la garde \u00e0 vue et des \u00e9l\u00e9ments recueillis durant celle-ci.<\/p><div style=\"height:10px\" aria-hidden=\"true\" class=\"wp-block-spacer\"><\/div><h2 class=\"wp-block-heading\" style=\"font-style:normal;font-weight:700\">Quels sont les droits sp\u00e9cifiques durant une garde \u00e0 vue ?<\/h2><p style=\"font-size:16px;font-style:normal;font-weight:100\"><strong>Lors d&rsquo;une\u00a0garde \u00e0 vue, le respect des\u00a0droits\u00a0de la\u00a0personne suspect\u00e9e\u00a0est primordial.<\/strong> Parmi ces droits, <strong><a href=\"https:\/\/matuile.com\/media\/avocat-penaliste-autour-de-moi\/\">l&rsquo;assistance d&rsquo;un\u00a0avocat<\/a><\/strong>\u00a0d\u00e8s le d\u00e9but de la mesure est fondamental. Ce dernier peut assister son client durant les interrogatoires, consulter les\u00a0indices\u00a0et les\u00a0preuves, et s&rsquo;assurer que la proc\u00e9dure est respect\u00e9e. L&rsquo;avocat joue un r\u00f4le d\u00e9terminant dans la protection des droits individuels et peut contester les conditions de la\u00a0mesure privative de libert\u00e9\u00a0si n\u00e9cessaire.<\/p><p style=\"font-size:16px;font-style:normal;font-weight:100\"><strong>Un autre droit essentiel est celui d&rsquo;informer un proche de sa situation<\/strong>. Cette communication est vitale non seulement pour le soutien moral mais aussi pour organiser sa d\u00e9fense. De plus, <strong>le\u00a0gard\u00e9 \u00e0 vue\u00a0a le droit \u00e0 un examen m\u00e9dical<\/strong>, garantissant ainsi le respect de son int\u00e9grit\u00e9 physique et psychologique durant sa d\u00e9tention. Ces droits visent \u00e0 prot\u00e9ger l&rsquo;individu contre tout abus potentiel et sont des piliers pour assurer une proc\u00e9dure \u00e9quitable.<\/p><div style=\"height:10px\" aria-hidden=\"true\" class=\"wp-block-spacer\"><\/div><h2 class=\"wp-block-heading\" style=\"font-style:normal;font-weight:700\">Comment r\u00e9agir face \u00e0 un placement en garde en vue ?<\/h2><p style=\"font-size:16px;font-style:normal;font-weight:100\">Faire face \u00e0 une\u00a0<strong>garde \u00e0 vue<\/strong>\u00a0requiert calme et connaissance de ses droits. Le <strong>premier r\u00e9flexe<\/strong> doit \u00eatre de demander l&rsquo;assistance d&rsquo;un avocat qui sera votre meilleur alli\u00e9 pour naviguer dans cette \u00e9preuve. <strong>Informez rapidement un proche<\/strong> de votre situation et ne n\u00e9gligez pas votre droit \u00e0 un <strong>examen m\u00e9dical<\/strong> si n\u00e9cessaire. Rappelez-vous que chaque mot compte et que vous avez <strong>le droit de garder le silence<\/strong> jusqu&rsquo;\u00e0 ce que vous soyez conseill\u00e9 par votre avocat.<\/p><div style=\"height:10px\" aria-hidden=\"true\" class=\"wp-block-spacer\"><\/div><h2 class=\"wp-block-heading\" style=\"font-style:normal;font-weight:700\">Peut-on contester une garde \u00e0 vue ?<\/h2><p style=\"font-size:16px;font-style:normal;font-weight:100\"><strong>Oui, contester une\u00a0garde \u00e0 vue\u00a0est possible<\/strong> et peut se r\u00e9v\u00e9ler \u00eatre un levier important dans la d\u00e9fense de la\u00a0<strong>personne suspect\u00e9e<\/strong>. Le recours \u00e0 un\u00a0<strong>avocat<\/strong>\u00a0exp\u00e9riment\u00e9 est ici indispensable. Cet expert du droit peut, apr\u00e8s examen des\u00a0<strong>preuves<\/strong>\u00a0et du\u00a0<strong>d\u00e9roulement<\/strong>\u00a0de la proc\u00e9dure, d\u00e9terminer si les conditions de l\u00e9galit\u00e9 et les droits du gard\u00e9 \u00e0 vue ont \u00e9t\u00e9 respect\u00e9s. Si des irr\u00e9gularit\u00e9s sont constat\u00e9es, il peut demander l&rsquo;annulation des actes de proc\u00e9dure ou m\u00eame la lib\u00e9ration du suspect. Ces actions peuvent influer sur le\u00a0<strong>classement sans suite<\/strong>\u00a0du dossier ou sur les d\u00e9cisions ult\u00e9rieures du\u00a0<strong>tribunal<\/strong>.<\/p><div style=\"height:10px\" aria-hidden=\"true\" class=\"wp-block-spacer\"><\/div><h2 class=\"wp-block-heading\" style=\"font-style:normal;font-weight:700\">Quelles cons\u00e9quences sur le casier judiciaire ?<\/h2><p style=\"font-size:16px;font-style:normal;font-weight:100\">L&rsquo;un des aspects les plus redout\u00e9s suite \u00e0 une garde \u00e0 vue est sans doute l&rsquo;impact sur le\u00a0<strong>casier judiciaire<\/strong>. Selon le\u00a0motif\u00a0du placement et l&rsquo;issue de la proc\u00e9dure, il est possible que des\u00a0<strong>condamnations<\/strong>\u00a0y soient inscrites. N\u00e9anmoins, \u00eatre gard\u00e9 \u00e0 vue ne signifie pas automatiquement une inscription au casier, surtout en cas de lib\u00e9ration sans charges.<\/p><blockquote class=\"wp-block-quote is-layout-flow wp-block-quote-is-layout-flow\"><p class=\"has-text-color has-link-color wp-elements-3581a9a5f22b3bc3e11b3bc6df22f2b0\" style=\"color:#0103f9;font-style:normal;font-weight:700\"><strong>En r\u00e9alit\u00e9, seule une condamnation d\u00e9finitive peut entra\u00eener une telle inscription.<\/strong><\/p><\/blockquote><p style=\"font-size:16px;font-style:normal;font-weight:100\">Certaines situations conduisent \u00e0 un\u00a0<strong>rappel \u00e0 la loi<\/strong>, sans pour autant impliquer une marque ind\u00e9l\u00e9bile sur le dossier de l&rsquo;individu. <strong>Chaque cas est unique <\/strong>et d\u00e9pend grandement des circonstances et de la d\u00e9cision finale du procureur ou du juge.<\/p><p style=\"font-size:16px;font-style:normal;font-weight:100\">Toutefois, il est d\u00e9terminant de comprendre que m\u00eame sans condamnation formelle, l&rsquo;exp\u00e9rience de la <strong>garde \u00e0 vue<\/strong> peut avoir des <strong>cons\u00e9quences psychologiques et sociales significatives<\/strong> pour la personne concern\u00e9e. La perception publique, associ\u00e9e au stress d&rsquo;un tel \u00e9v\u00e9nement, peut influencer la vie personnelle et professionnelle longtemps apr\u00e8s la fin de la mesure.<\/p><div style=\"height:10px\" aria-hidden=\"true\" class=\"wp-block-spacer\"><\/div><h2 class=\"wp-block-heading\" style=\"font-style:normal;font-weight:700\">Comment se reconstruire apr\u00e8s une garde \u00e0 vue ?<\/h2><p style=\"font-size:16px;font-style:normal;font-weight:100\">Au-del\u00e0 des aspects l\u00e9gaux, la reconstruction personnelle suite \u00e0 une&nbsp;<strong>garde \u00e0 vue<\/strong>&nbsp;est une \u00e9tape critique.<\/p><blockquote class=\"wp-block-quote is-layout-flow wp-block-quote-is-layout-flow\"><p class=\"has-text-color has-link-color wp-elements-4c15341418ef9e587d2691c2abd4102f\" style=\"color:#0103f9;font-style:normal;font-weight:700\"><strong>L&rsquo;acc\u00e8s \u00e0 un soutien psychologique peut \u00eatre n\u00e9cessaire pour surmonter le trauma v\u00e9cu.<\/strong><\/p><\/blockquote><p style=\"font-size:16px;font-style:normal;font-weight:100\">De m\u00eame, <strong>s&rsquo;appuyer sur un r\u00e9seau familial ou amical<\/strong> solide contribue grandement au r\u00e9tablissement.<\/p><p style=\"font-size:16px;font-style:normal;font-weight:100\"><strong>Du point de vue professionnel<\/strong>, il peut \u00eatre sage d&rsquo;adopter une <strong>communication transparente avec son employeur<\/strong> concernant son absence \u00e9ventuelle et les raisons derri\u00e8re celle-ci. La discr\u00e9tion et le soutien de l&rsquo;entourage professionnel peuvent faire toute la diff\u00e9rence dans la pr\u00e9servation de la stabilit\u00e9 d&#8217;emploi.<\/p><p style=\"font-size:16px;font-style:normal;font-weight:100\">Finalement, <strong>l&rsquo;engagement dans des activit\u00e9s positives<\/strong>, comme le b\u00e9n\u00e9volat ou des loisirs constructifs, aide non seulement \u00e0 reconstruire son image mais par ailleurs \u00e0 redonner un sens \u00e0 sa vie apr\u00e8s un \u00e9pisode aussi bouleversant. La capacit\u00e9 de rebondir t\u00e9moigne de la r\u00e9silience humaine face aux \u00e9preuves judiciaires.<\/p><div style=\"height:10px\" aria-hidden=\"true\" class=\"wp-block-spacer\"><\/div><h2 class=\"wp-block-heading\" style=\"font-style:normal;font-weight:700\">Quel soutien apr\u00e8s avoir \u00e9t\u00e9 remis en libert\u00e9 ?<\/h2><p style=\"font-size:16px;font-style:normal;font-weight:100\">La <strong>cons\u00e9quence<\/strong> ou la sortie d&rsquo;une\u00a0<strong>garde \u00e0 vue<\/strong> peut \u00eatre un moment d\u00e9licat \u00e0 g\u00e9rer pour la personne ayant \u00e9t\u00e9 plac\u00e9e en d\u00e9tention. <strong>\u00catre\u00a0remis en libert\u00e9\u00a0ne signifie pas la fin des d\u00e9fis. Le soutien psychologique et juridique<\/strong> <strong>reste primordial.<\/strong> Il est souvent conseill\u00e9 de continuer \u00e0 travailler avec son avocat pour pr\u00e9parer les suites possibles, notamment face \u00e0 une \u00e9ventuelle convocation devant le\u00a0tribunal. De m\u00eame, trouver un soutien psychologique pour traiter le trauma v\u00e9cu peut aider \u00e0 reprendre pied dans sa vie quotidienne et professionnelle.<\/p><div style=\"height:10px\" aria-hidden=\"true\" class=\"wp-block-spacer\"><\/div><h2 class=\"wp-block-heading\" style=\"font-style:normal;font-weight:700\">Comment anticiper les effets d&rsquo;une garde \u00e0 vue sur l&rsquo;avenir ?<\/h2><p style=\"font-size:16px;font-style:normal;font-weight:100\"><strong>L&rsquo;anticipation et la pr\u00e9paration<\/strong> sont vos meilleures armes pour minimiser les impacts d&rsquo;une\u00a0<strong>garde \u00e0 vue<\/strong>. <strong><a href=\"https:\/\/matuile.com\/media\/comment-se-passe-une-garde-a-vue\/\">S&rsquo;informer sur ses droits<\/a><\/strong> et s&rsquo;entourer des conseils d&rsquo;un bon avocat d\u00e8s les premi\u00e8res heures peut significativement influencer l&rsquo;issue de la proc\u00e9dure. <strong>Penser \u00e9galement au-del\u00e0 de la garde \u00e0 vue<\/strong> : comment g\u00e9rer son image, maintenir sa stabilit\u00e9 professionnelle et prendre soin de sa sant\u00e9 mentale. L&rsquo;engagement dans des activit\u00e9s positives post-lib\u00e9ration contribue non seulement \u00e0 restaurer votre r\u00e9putation mais aussi \u00e0 reb\u00e2tir votre estime personnelle. <strong>Souvenez-vous, l&rsquo;\u00e9preuve de la garde \u00e0 vue n&rsquo;est pas une fin en soi, mais un obstacle que l&rsquo;on peut surmonter avec dignit\u00e9 et r\u00e9silience.<\/strong><\/p><div style=\"height:100px\" aria-hidden=\"true\" class=\"wp-block-spacer\"><\/div><hr class=\"wp-block-separator has-alpha-channel-opacity\"\/>","protected":false},"excerpt":{"rendered":"<p>La\u00a0garde \u00e0 vue, cette\u00a0mesure privative de libert\u00e9, constitue un moment charni\u00e8re dans le cadre d&rsquo;une\u00a0enqu\u00eate judiciaire. Lorsqu&rsquo;une\u00a0personne suspect\u00e9e\u00a0d&rsquo;avoir\u00a0commis\u00a0une infraction se retrouve face&#8230;<\/p>\n","protected":false},"author":9,"featured_media":50056,"comment_status":"open","ping_status":"open","sticky":false,"template":"","format":"standard","meta":{"inline_featured_image":false,"footnotes":""},"categories":[50,51],"tags":[],"class_list":{"0":"post-50007","1":"post","2":"type-post","3":"status-publish","4":"format-standard","5":"has-post-thumbnail","7":"category-droit","8":"category-tpe-pme"},"acf":[],"yoast_head":"<!-- This site is optimized with the Yoast SEO plugin v27.5 - https:\/\/yoast.com\/product\/yoast-seo-wordpress\/ -->\n<title>Quelles Cons\u00e9quences apr\u00e8s une Garde \u00e0 Vue ?<\/title>\n<meta name=\"description\" content=\"Cons\u00e9quence d&#039;une Garde \u00e0 Vue : D\u00e9couvrez les R\u00e9percussions Juridiques, Personnelles et Professionnelles pouvant d\u00e9couler d&#039;une telle mesure.\" \/>\n<meta name=\"robots\" content=\"index, follow, max-snippet:-1, max-image-preview:large, max-video-preview:-1\" \/>\n<link rel=\"canonical\" href=\"https:\/\/matuile.com\/media\/consequence-garde-a-vue\/\" \/>\n<meta property=\"og:locale\" content=\"fr_FR\" \/>\n<meta property=\"og:type\" content=\"article\" \/>\n<meta property=\"og:title\" content=\"Quelles Cons\u00e9quences apr\u00e8s une Garde \u00e0 Vue ?\" \/>\n<meta property=\"og:description\" content=\"Cons\u00e9quence d&#039;une Garde \u00e0 Vue : D\u00e9couvrez les R\u00e9percussions Juridiques, Personnelles et Professionnelles pouvant d\u00e9couler d&#039;une telle mesure.\" \/>\n<meta property=\"og:url\" content=\"https:\/\/matuile.com\/media\/consequence-garde-a-vue\/\" \/>\n<meta property=\"og:site_name\" content=\"Matuile\" \/>\n<meta property=\"article:published_time\" content=\"2024-05-10T17:35:57+00:00\" \/>\n<meta property=\"article:modified_time\" content=\"2024-05-10T17:37:06+00:00\" \/>\n<meta property=\"og:image\" content=\"https:\/\/matuile.com\/media\/wp-content\/uploads\/2024\/04\/homme-menotte-scaled.jpeg\" \/>\n\t<meta property=\"og:image:width\" content=\"2560\" \/>\n\t<meta property=\"og:image:height\" content=\"1707\" \/>\n\t<meta property=\"og:image:type\" content=\"image\/jpeg\" \/>\n<meta name=\"author\" content=\"Louise\" \/>\n<meta name=\"twitter:card\" content=\"summary_large_image\" \/>\n<meta name=\"twitter:label1\" content=\"\u00c9crit par\" \/>\n\t<meta name=\"twitter:data1\" content=\"Louise\" \/>\n\t<meta name=\"twitter:label2\" content=\"Dur\u00e9e de lecture estim\u00e9e\" \/>\n\t<meta name=\"twitter:data2\" content=\"6 minutes\" \/>\n<script type=\"application\/ld+json\" class=\"yoast-schema-graph\">{\"@context\":\"https:\\\/\\\/schema.org\",\"@graph\":[{\"@type\":\"Article\",\"@id\":\"https:\\\/\\\/matuile.com\\\/media\\\/consequence-garde-a-vue\\\/#article\",\"isPartOf\":{\"@id\":\"https:\\\/\\\/matuile.com\\\/media\\\/consequence-garde-a-vue\\\/\"},\"author\":{\"name\":\"Louise\",\"@id\":\"https:\\\/\\\/matuile.com\\\/media\\\/#\\\/schema\\\/person\\\/4bba03e6b777a11b3237934070018534\"},\"headline\":\"Cons\u00e9quences d&rsquo;une garde \u00e0 vue : Juridiques, Personnelles et Professionnelles\",\"datePublished\":\"2024-05-10T17:35:57+00:00\",\"dateModified\":\"2024-05-10T17:37:06+00:00\",\"mainEntityOfPage\":{\"@id\":\"https:\\\/\\\/matuile.com\\\/media\\\/consequence-garde-a-vue\\\/\"},\"wordCount\":1237,\"commentCount\":0,\"publisher\":{\"@id\":\"https:\\\/\\\/matuile.com\\\/media\\\/#organization\"},\"image\":{\"@id\":\"https:\\\/\\\/matuile.com\\\/media\\\/consequence-garde-a-vue\\\/#primaryimage\"},\"thumbnailUrl\":\"https:\\\/\\\/matuile.com\\\/media\\\/wp-content\\\/uploads\\\/2024\\\/04\\\/homme-menotte-scaled.jpeg\",\"articleSection\":[\"Droit\",\"TPE\\\/PME\"],\"inLanguage\":\"fr-FR\",\"potentialAction\":[{\"@type\":\"CommentAction\",\"name\":\"Comment\",\"target\":[\"https:\\\/\\\/matuile.com\\\/media\\\/consequence-garde-a-vue\\\/#respond\"]}]},{\"@type\":\"WebPage\",\"@id\":\"https:\\\/\\\/matuile.com\\\/media\\\/consequence-garde-a-vue\\\/\",\"url\":\"https:\\\/\\\/matuile.com\\\/media\\\/consequence-garde-a-vue\\\/\",\"name\":\"Quelles Cons\u00e9quences apr\u00e8s une Garde \u00e0 Vue ?\",\"isPartOf\":{\"@id\":\"https:\\\/\\\/matuile.com\\\/media\\\/#website\"},\"primaryImageOfPage\":{\"@id\":\"https:\\\/\\\/matuile.com\\\/media\\\/consequence-garde-a-vue\\\/#primaryimage\"},\"image\":{\"@id\":\"https:\\\/\\\/matuile.com\\\/media\\\/consequence-garde-a-vue\\\/#primaryimage\"},\"thumbnailUrl\":\"https:\\\/\\\/matuile.com\\\/media\\\/wp-content\\\/uploads\\\/2024\\\/04\\\/homme-menotte-scaled.jpeg\",\"datePublished\":\"2024-05-10T17:35:57+00:00\",\"dateModified\":\"2024-05-10T17:37:06+00:00\",\"description\":\"Cons\u00e9quence d'une Garde \u00e0 Vue : D\u00e9couvrez les R\u00e9percussions Juridiques, Personnelles et Professionnelles pouvant d\u00e9couler d'une telle mesure.\",\"breadcrumb\":{\"@id\":\"https:\\\/\\\/matuile.com\\\/media\\\/consequence-garde-a-vue\\\/#breadcrumb\"},\"inLanguage\":\"fr-FR\",\"potentialAction\":[{\"@type\":\"ReadAction\",\"target\":[\"https:\\\/\\\/matuile.com\\\/media\\\/consequence-garde-a-vue\\\/\"]}]},{\"@type\":\"ImageObject\",\"inLanguage\":\"fr-FR\",\"@id\":\"https:\\\/\\\/matuile.com\\\/media\\\/consequence-garde-a-vue\\\/#primaryimage\",\"url\":\"https:\\\/\\\/matuile.com\\\/media\\\/wp-content\\\/uploads\\\/2024\\\/04\\\/homme-menotte-scaled.jpeg\",\"contentUrl\":\"https:\\\/\\\/matuile.com\\\/media\\\/wp-content\\\/uploads\\\/2024\\\/04\\\/homme-menotte-scaled.jpeg\",\"width\":2560,\"height\":1707,\"caption\":\"Jeune homme avec des menottes aux poign\u00e9es\"},{\"@type\":\"BreadcrumbList\",\"@id\":\"https:\\\/\\\/matuile.com\\\/media\\\/consequence-garde-a-vue\\\/#breadcrumb\",\"itemListElement\":[{\"@type\":\"ListItem\",\"position\":1,\"name\":\"Accueil\",\"item\":\"https:\\\/\\\/matuile.com\\\/media\\\/\"},{\"@type\":\"ListItem\",\"position\":2,\"name\":\"Droit\",\"item\":\"https:\\\/\\\/matuile.com\\\/media\\\/category\\\/droit\\\/\"},{\"@type\":\"ListItem\",\"position\":3,\"name\":\"Cons\u00e9quences d&rsquo;une garde \u00e0 vue : Juridiques, Personnelles et Professionnelles\"}]},{\"@type\":\"WebSite\",\"@id\":\"https:\\\/\\\/matuile.com\\\/media\\\/#website\",\"url\":\"https:\\\/\\\/matuile.com\\\/media\\\/\",\"name\":\"Matuile Blog\",\"description\":\"La solution \u00e0 votre urgence\",\"publisher\":{\"@id\":\"https:\\\/\\\/matuile.com\\\/media\\\/#organization\"},\"alternateName\":\"Matuile\",\"potentialAction\":[{\"@type\":\"SearchAction\",\"target\":{\"@type\":\"EntryPoint\",\"urlTemplate\":\"https:\\\/\\\/matuile.com\\\/media\\\/?s={search_term_string}\"},\"query-input\":{\"@type\":\"PropertyValueSpecification\",\"valueRequired\":true,\"valueName\":\"search_term_string\"}}],\"inLanguage\":\"fr-FR\"},{\"@type\":\"Organization\",\"@id\":\"https:\\\/\\\/matuile.com\\\/media\\\/#organization\",\"name\":\"Matuile\",\"url\":\"https:\\\/\\\/matuile.com\\\/media\\\/\",\"logo\":{\"@type\":\"ImageObject\",\"inLanguage\":\"fr-FR\",\"@id\":\"https:\\\/\\\/matuile.com\\\/media\\\/#\\\/schema\\\/logo\\\/image\\\/\",\"url\":\"https:\\\/\\\/matuile.com\\\/media\\\/wp-content\\\/uploads\\\/2023\\\/04\\\/Matuile.png\",\"contentUrl\":\"https:\\\/\\\/matuile.com\\\/media\\\/wp-content\\\/uploads\\\/2023\\\/04\\\/Matuile.png\",\"width\":700,\"height\":700,\"caption\":\"Matuile\"},\"image\":{\"@id\":\"https:\\\/\\\/matuile.com\\\/media\\\/#\\\/schema\\\/logo\\\/image\\\/\"}},{\"@type\":\"Person\",\"@id\":\"https:\\\/\\\/matuile.com\\\/media\\\/#\\\/schema\\\/person\\\/4bba03e6b777a11b3237934070018534\",\"name\":\"Louise\",\"image\":{\"@type\":\"ImageObject\",\"inLanguage\":\"fr-FR\",\"@id\":\"https:\\\/\\\/secure.gravatar.com\\\/avatar\\\/5a01d57e702d222273ee3a36e4c9b4e041252db9b0a6f90d02d709d4a91d7752?s=96&d=mm&r=g\",\"url\":\"https:\\\/\\\/secure.gravatar.com\\\/avatar\\\/5a01d57e702d222273ee3a36e4c9b4e041252db9b0a6f90d02d709d4a91d7752?s=96&d=mm&r=g\",\"contentUrl\":\"https:\\\/\\\/secure.gravatar.com\\\/avatar\\\/5a01d57e702d222273ee3a36e4c9b4e041252db9b0a6f90d02d709d4a91d7752?s=96&d=mm&r=g\",\"caption\":\"Louise\"},\"url\":\"https:\\\/\\\/matuile.com\\\/media\\\/author\\\/louise\\\/\"}]}<\/script>\n<!-- \/ Yoast SEO plugin. -->","yoast_head_json":{"title":"Quelles Cons\u00e9quences apr\u00e8s une Garde \u00e0 Vue ?","description":"Cons\u00e9quence d'une Garde \u00e0 Vue : D\u00e9couvrez les R\u00e9percussions Juridiques, Personnelles et Professionnelles pouvant d\u00e9couler d'une telle mesure.","robots":{"index":"index","follow":"follow","max-snippet":"max-snippet:-1","max-image-preview":"max-image-preview:large","max-video-preview":"max-video-preview:-1"},"canonical":"https:\/\/matuile.com\/media\/consequence-garde-a-vue\/","og_locale":"fr_FR","og_type":"article","og_title":"Quelles Cons\u00e9quences apr\u00e8s une Garde \u00e0 Vue ?","og_description":"Cons\u00e9quence d'une Garde \u00e0 Vue : D\u00e9couvrez les R\u00e9percussions Juridiques, Personnelles et Professionnelles pouvant d\u00e9couler d'une telle mesure.","og_url":"https:\/\/matuile.com\/media\/consequence-garde-a-vue\/","og_site_name":"Matuile","article_published_time":"2024-05-10T17:35:57+00:00","article_modified_time":"2024-05-10T17:37:06+00:00","og_image":[{"width":2560,"height":1707,"url":"https:\/\/matuile.com\/media\/wp-content\/uploads\/2024\/04\/homme-menotte-scaled.jpeg","type":"image\/jpeg"}],"author":"Louise","twitter_card":"summary_large_image","twitter_misc":{"\u00c9crit par":"Louise","Dur\u00e9e de lecture estim\u00e9e":"6 minutes"},"schema":{"@context":"https:\/\/schema.org","@graph":[{"@type":"Article","@id":"https:\/\/matuile.com\/media\/consequence-garde-a-vue\/#article","isPartOf":{"@id":"https:\/\/matuile.com\/media\/consequence-garde-a-vue\/"},"author":{"name":"Louise","@id":"https:\/\/matuile.com\/media\/#\/schema\/person\/4bba03e6b777a11b3237934070018534"},"headline":"Cons\u00e9quences d&rsquo;une garde \u00e0 vue : Juridiques, Personnelles et Professionnelles","datePublished":"2024-05-10T17:35:57+00:00","dateModified":"2024-05-10T17:37:06+00:00","mainEntityOfPage":{"@id":"https:\/\/matuile.com\/media\/consequence-garde-a-vue\/"},"wordCount":1237,"commentCount":0,"publisher":{"@id":"https:\/\/matuile.com\/media\/#organization"},"image":{"@id":"https:\/\/matuile.com\/media\/consequence-garde-a-vue\/#primaryimage"},"thumbnailUrl":"https:\/\/matuile.com\/media\/wp-content\/uploads\/2024\/04\/homme-menotte-scaled.jpeg","articleSection":["Droit","TPE\/PME"],"inLanguage":"fr-FR","potentialAction":[{"@type":"CommentAction","name":"Comment","target":["https:\/\/matuile.com\/media\/consequence-garde-a-vue\/#respond"]}]},{"@type":"WebPage","@id":"https:\/\/matuile.com\/media\/consequence-garde-a-vue\/","url":"https:\/\/matuile.com\/media\/consequence-garde-a-vue\/","name":"Quelles Cons\u00e9quences apr\u00e8s une Garde \u00e0 Vue ?","isPartOf":{"@id":"https:\/\/matuile.com\/media\/#website"},"primaryImageOfPage":{"@id":"https:\/\/matuile.com\/media\/consequence-garde-a-vue\/#primaryimage"},"image":{"@id":"https:\/\/matuile.com\/media\/consequence-garde-a-vue\/#primaryimage"},"thumbnailUrl":"https:\/\/matuile.com\/media\/wp-content\/uploads\/2024\/04\/homme-menotte-scaled.jpeg","datePublished":"2024-05-10T17:35:57+00:00","dateModified":"2024-05-10T17:37:06+00:00","description":"Cons\u00e9quence d'une Garde \u00e0 Vue : D\u00e9couvrez les R\u00e9percussions Juridiques, Personnelles et Professionnelles pouvant d\u00e9couler d'une telle mesure.","breadcrumb":{"@id":"https:\/\/matuile.com\/media\/consequence-garde-a-vue\/#breadcrumb"},"inLanguage":"fr-FR","potentialAction":[{"@type":"ReadAction","target":["https:\/\/matuile.com\/media\/consequence-garde-a-vue\/"]}]},{"@type":"ImageObject","inLanguage":"fr-FR","@id":"https:\/\/matuile.com\/media\/consequence-garde-a-vue\/#primaryimage","url":"https:\/\/matuile.com\/media\/wp-content\/uploads\/2024\/04\/homme-menotte-scaled.jpeg","contentUrl":"https:\/\/matuile.com\/media\/wp-content\/uploads\/2024\/04\/homme-menotte-scaled.jpeg","width":2560,"height":1707,"caption":"Jeune homme avec des menottes aux poign\u00e9es"},{"@type":"BreadcrumbList","@id":"https:\/\/matuile.com\/media\/consequence-garde-a-vue\/#breadcrumb","itemListElement":[{"@type":"ListItem","position":1,"name":"Accueil","item":"https:\/\/matuile.com\/media\/"},{"@type":"ListItem","position":2,"name":"Droit","item":"https:\/\/matuile.com\/media\/category\/droit\/"},{"@type":"ListItem","position":3,"name":"Cons\u00e9quences d&rsquo;une garde \u00e0 vue : Juridiques, Personnelles et Professionnelles"}]},{"@type":"WebSite","@id":"https:\/\/matuile.com\/media\/#website","url":"https:\/\/matuile.com\/media\/","name":"Matuile Blog","description":"La solution \u00e0 votre urgence","publisher":{"@id":"https:\/\/matuile.com\/media\/#organization"},"alternateName":"Matuile","potentialAction":[{"@type":"SearchAction","target":{"@type":"EntryPoint","urlTemplate":"https:\/\/matuile.com\/media\/?s={search_term_string}"},"query-input":{"@type":"PropertyValueSpecification","valueRequired":true,"valueName":"search_term_string"}}],"inLanguage":"fr-FR"},{"@type":"Organization","@id":"https:\/\/matuile.com\/media\/#organization","name":"Matuile","url":"https:\/\/matuile.com\/media\/","logo":{"@type":"ImageObject","inLanguage":"fr-FR","@id":"https:\/\/matuile.com\/media\/#\/schema\/logo\/image\/","url":"https:\/\/matuile.com\/media\/wp-content\/uploads\/2023\/04\/Matuile.png","contentUrl":"https:\/\/matuile.com\/media\/wp-content\/uploads\/2023\/04\/Matuile.png","width":700,"height":700,"caption":"Matuile"},"image":{"@id":"https:\/\/matuile.com\/media\/#\/schema\/logo\/image\/"}},{"@type":"Person","@id":"https:\/\/matuile.com\/media\/#\/schema\/person\/4bba03e6b777a11b3237934070018534","name":"Louise","image":{"@type":"ImageObject","inLanguage":"fr-FR","@id":"https:\/\/secure.gravatar.com\/avatar\/5a01d57e702d222273ee3a36e4c9b4e041252db9b0a6f90d02d709d4a91d7752?s=96&d=mm&r=g","url":"https:\/\/secure.gravatar.com\/avatar\/5a01d57e702d222273ee3a36e4c9b4e041252db9b0a6f90d02d709d4a91d7752?s=96&d=mm&r=g","contentUrl":"https:\/\/secure.gravatar.com\/avatar\/5a01d57e702d222273ee3a36e4c9b4e041252db9b0a6f90d02d709d4a91d7752?s=96&d=mm&r=g","caption":"Louise"},"url":"https:\/\/matuile.com\/media\/author\/louise\/"}]}},"_links":{"self":[{"href":"https:\/\/matuile.com\/media\/wp-json\/wp\/v2\/posts\/50007","targetHints":{"allow":["GET"]}}],"collection":[{"href":"https:\/\/matuile.com\/media\/wp-json\/wp\/v2\/posts"}],"about":[{"href":"https:\/\/matuile.com\/media\/wp-json\/wp\/v2\/types\/post"}],"author":[{"embeddable":true,"href":"https:\/\/matuile.com\/media\/wp-json\/wp\/v2\/users\/9"}],"replies":[{"embeddable":true,"href":"https:\/\/matuile.com\/media\/wp-json\/wp\/v2\/comments?post=50007"}],"version-history":[{"count":62,"href":"https:\/\/matuile.com\/media\/wp-json\/wp\/v2\/posts\/50007\/revisions"}],"predecessor-version":[{"id":54146,"href":"https:\/\/matuile.com\/media\/wp-json\/wp\/v2\/posts\/50007\/revisions\/54146"}],"wp:featuredmedia":[{"embeddable":true,"href":"https:\/\/matuile.com\/media\/wp-json\/wp\/v2\/media\/50056"}],"wp:attachment":[{"href":"https:\/\/matuile.com\/media\/wp-json\/wp\/v2\/media?parent=50007"}],"wp:term":[{"taxonomy":"category","embeddable":true,"href":"https:\/\/matuile.com\/media\/wp-json\/wp\/v2\/categories?post=50007"},{"taxonomy":"post_tag","embeddable":true,"href":"https:\/\/matuile.com\/media\/wp-json\/wp\/v2\/tags?post=50007"}],"curies":[{"name":"wp","href":"https:\/\/api.w.org\/{rel}","templated":true}]}}