{"id":42245,"date":"2024-05-02T09:13:05","date_gmt":"2024-05-02T07:13:05","guid":{"rendered":"https:\/\/matuile.com\/media\/?p=42245"},"modified":"2024-05-02T09:13:06","modified_gmt":"2024-05-02T07:13:06","slug":"discrimination-travail-constat-huissier","status":"publish","type":"post","link":"https:\/\/matuile.com\/media\/discrimination-travail-constat-huissier\/","title":{"rendered":"Discrimination au travail : Le constat d&rsquo;huissier, arme juridique face \u00e0 l&rsquo;injustice"},"content":{"rendered":"<p style=\"font-size:16px;font-style:normal;font-weight:100\"><strong>La discrimination au travail demeure malheureusement une r\u00e9alit\u00e9 persistante dans de nombreux milieux professionnels affectant la vie de beaucoup de salari\u00e9s. <\/strong>Au-del\u00e0 de ces difficult\u00e9s, prouver la discrimination peut s\u2019av\u00e9rer un d\u00e9fi de taille, souvent soumis \u00e0 la contestation et aux doutes. Cependant, il s\u2019agit d\u2019une \u00e9tape essentielle et indispensable afin de faire respecter les droits des travailleurs et instaurer une \u00e9galit\u00e9 effective dans le milieu professionnel. <strong>Mais comment peut-on prouver de mani\u00e8re objective et impartiale la discrimination au travail&nbsp;?<\/strong> <\/p><p style=\"font-size:16px;font-style:normal;font-weight:100\">Dans cet article, nous explorerons la discrimination au travail en mettant en lumi\u00e8re un outil particuli\u00e8rement puissant en mati\u00e8re de preuve&nbsp;: <strong>le constat d\u2019huissier<\/strong>.<\/p><ol class=\"wp-block-list\"><li style=\"font-size:16px;font-style:normal;font-weight:100\"><strong><a href=\"#Qu\u2019est-ce-que-la-discrimination-au-travail-?\">Qu\u2019est-ce que la discrimination au travail&nbsp;?<\/a><\/strong><\/li>\n\n<li style=\"font-size:16px;font-style:normal;font-weight:100\"><strong><a href=\"#Comment-prouver-la-discrimination-au-travail-?-Le-constat-d\u2019huissier\">Comment prouver la discrimination au travail&nbsp;? Le constat d\u2019huissier<\/a><\/strong><\/li>\n\n<li style=\"font-size:16px;font-style:normal;font-weight:100\"><strong><a href=\"#Pourquoi-\u00e9tablir-un-constat-d\u2019huissier-en-cas-de-discrimination-au-travail-?\">Pourquoi \u00e9tablir un constat d\u2019huissier en cas de discrimination au travail ?<\/a><\/strong><\/li>\n\n<li style=\"font-size:16px;font-style:normal;font-weight:100\"><strong><a href=\"#Qui-peut-demander-un-constat-d\u2019huissier-en-cas-de-discrimination-au-travail-?\">Qui peut demander un constat d&rsquo;huissier en cas de discrimination au travail ?<\/a><\/strong><\/li>\n\n<li style=\"font-size:16px;font-style:normal;font-weight:100\"><strong><a href=\"#Quel-est-le-prix-d\u2019un-constat-de-discrimination-au-travail-?\">Quel est le prix d\u2019un constat de discrimination au travail ?<\/a><\/strong><\/li><\/ol><div style=\"height:50px\" aria-hidden=\"true\" class=\"wp-block-spacer\"><\/div><h2 class=\"wp-block-heading has-text-align-center has-white-color has-text-color has-background\" id=\"Qu\u2019est-ce-que-la-discrimination-au-travail-?\" style=\"background-color:#d86031;font-style:normal;font-weight:700\">1. Qu\u2019est-ce que la discrimination au travail ?<\/h2><div style=\"height:10px\" aria-hidden=\"true\" class=\"wp-block-spacer\"><\/div><h3 class=\"wp-block-heading has-text-color\" style=\"color:#0103f9;font-size:23px;font-style:normal;font-weight:700\"><strong>Comment d\u00e9finir la discrimination au travail&nbsp;?<\/strong><\/h3><p style=\"font-size:16px;font-style:normal;font-weight:100\">On parle de discrimination au travail lorsque l\u2019employeur fait des diff\u00e9rences entre ses salari\u00e9s en fonction de&nbsp;:<\/p><ul class=\"wp-block-list\"><li style=\"font-size:16px;font-style:normal;font-weight:100\"><strong>L\u2019origine<\/strong><\/li>\n\n<li style=\"font-size:16px;font-style:normal;font-weight:100\"><strong>Le sexe<\/strong><\/li>\n\n<li style=\"font-size:16px;font-style:normal;font-weight:100\"><strong>Les m\u0153urs<\/strong><\/li>\n\n<li style=\"font-size:16px;font-style:normal;font-weight:100\"><strong>L\u2019orientation sexuelle<\/strong><\/li>\n\n<li style=\"font-size:16px;font-style:normal;font-weight:100\"><strong>L\u2019identit\u00e9 de genre<\/strong><\/li>\n\n<li style=\"font-size:16px;font-style:normal;font-weight:100\"><strong>L\u2019\u00e2ge<\/strong><\/li>\n\n<li style=\"font-size:16px;font-style:normal;font-weight:100\"><strong>La situation de famille<\/strong><\/li>\n\n<li style=\"font-size:16px;font-style:normal;font-weight:100\"><strong>La grossesse<\/strong><\/li>\n\n<li style=\"font-size:16px;font-style:normal;font-weight:100\"><strong>Les caract\u00e9ristiques g\u00e9n\u00e9tiques<\/strong><\/li>\n\n<li style=\"font-size:16px;font-style:normal;font-weight:100\"><strong>La particuli\u00e8re vuln\u00e9rabilit\u00e9 li\u00e9e \u00e0 une situation \u00e9conomique<\/strong><\/li>\n\n<li style=\"font-size:16px;font-style:normal;font-weight:100\"><strong>L\u2019appartenance ou la non-appartenance, vraie ou suppos\u00e9e, \u00e0 une ethnie, une Nation, une pr\u00e9tendue race<\/strong><\/li>\n\n<li style=\"font-size:16px;font-style:normal;font-weight:100\"><strong>Les opinions politiques<\/strong><\/li>\n\n<li style=\"font-size:16px;font-style:normal;font-weight:100\"><strong>Les activit\u00e9s syndicales ou mutualistes<\/strong><\/li>\n\n<li style=\"font-size:16px;font-style:normal;font-weight:100\"><strong>L\u2019exercice d\u2019un mandat \u00e9lectif<\/strong><\/li>\n\n<li style=\"font-size:16px;font-style:normal;font-weight:100\"><strong>Les convictions religieuses<\/strong><\/li>\n\n<li style=\"font-size:16px;font-style:normal;font-weight:100\"><strong>L\u2019apparence physique<\/strong><\/li>\n\n<li style=\"font-size:16px;font-style:normal;font-weight:100\"><strong>Le nom de famille<\/strong><\/li>\n\n<li style=\"font-size:16px;font-style:normal;font-weight:100\"><strong>Le lieu de r\u00e9sidence<\/strong><\/li>\n\n<li style=\"font-size:16px;font-style:normal;font-weight:100\"><strong>La domiciliation bancaire<\/strong><\/li>\n\n<li style=\"font-size:16px;font-style:normal;font-weight:100\"><strong>L\u2019\u00e9tat de sant\u00e9<\/strong><\/li>\n\n<li style=\"font-size:16px;font-style:normal;font-weight:100\"><strong>La perte d\u2019autonomie<\/strong><\/li>\n\n<li style=\"font-size:16px;font-style:normal;font-weight:100\"><strong>Le handicap<\/strong><\/li>\n\n<li style=\"font-size:16px;font-style:normal;font-weight:100\"><strong>La capacit\u00e9 \u00e0 s\u2019exprimer dans une langue autre que le fran\u00e7ais<\/strong><\/li>\n\n<li style=\"font-size:16px;font-style:normal;font-weight:100\"><strong>La qualit\u00e9 de lanceur d\u2019alerte, de facilitateur ou de personne en lien avec un lanceur d\u2019alerte<\/strong><\/li>\n\n<li style=\"font-size:16px;font-style:normal;font-weight:100\"><strong>Le refus de subir des faits de harc\u00e8lement sexuel, d\u2019avoir subi ou t\u00e9moign\u00e9 de tels faits (<a href=\"https:\/\/www.legifrance.gouv.fr\/codes\/article_lc\/LEGIARTI000026264881#:~:text=Constitue%20une%20discrimination%20toute%20distinction,n'ont%20pas%20%C3%A9t%C3%A9%20r%C3%A9p%C3%A9t%C3%A9s.\">Article 225-1-1 du Code p\u00e9nal<\/a>)<\/strong><\/li>\n\n<li style=\"font-size:16px;font-style:normal;font-weight:100\"><strong>Le refus de subir des faits de bizutage ou d\u2019avoir subi ou t\u00e9moign\u00e9 de tels faits (<a href=\"https:\/\/www.legifrance.gouv.fr\/codes\/article_lc\/LEGIARTI000033955295\">Article 225-1-2 du Code p\u00e9nal<\/a>)<\/strong><\/li>\n\n<li style=\"font-size:16px;font-style:normal;font-weight:100\"><strong>Le t\u00e9moignage d\u2019un agissement discriminatoire<\/strong><\/li>\n\n<li style=\"font-size:16px;font-style:normal;font-weight:100\"><strong>La fonction de jur\u00e9<\/strong><\/li><\/ul><div style=\"height:30px\" aria-hidden=\"true\" class=\"wp-block-spacer\"><\/div><p style=\"font-size:16px;font-style:normal;font-weight:100\">Il en r\u00e9sulte une situation d\u00e9favorable pour un ou plusieurs salari\u00e9s discrimin\u00e9s.<\/p><h4 class=\"wp-block-heading\" style=\"font-size:16px\">La discrimination peut prendre diff\u00e9rentes formes&nbsp;:<\/h4><ul class=\"wp-block-list\"><li style=\"font-size:16px;font-style:normal;font-weight:100\"><strong>La discrimination directe&nbsp;:<\/strong> une personne est choisie ou rejet\u00e9e par rapport \u00e0 une autre sur le fondement de l\u2019un des crit\u00e8res d\u00e9j\u00e0 mentionn\u00e9s. Par exemple, un salari\u00e9 ne peut pas toucher une prime en raison de son \u00e2ge.<\/li>\n\n<li style=\"font-size:16px;font-style:normal;font-weight:100\"><strong>La discrimination indirecte&nbsp;:<\/strong> une disposition, un crit\u00e8re ou une pratique qui apparait neutre en apparence entraine en r\u00e9alit\u00e9 un d\u00e9savantage pour une cat\u00e9gorie de personnes. (<strong><a href=\"https:\/\/www.legifrance.gouv.fr\/loda\/article_lc\/LEGIARTI000034110511\">Article 1 de la loi du 27 mai 2008<\/a><\/strong>) Par exemple, un employeur qui exclut les salari\u00e9s \u00e0 temps partiel du b\u00e9n\u00e9fice d\u2019une prime alors que 80% de salari\u00e9s \u00e0 temps partiel sont des femmes.<\/li>\n\n<li style=\"font-size:16px;font-style:normal;font-weight:100\"><strong>Le harc\u00e8lement discriminatoire&nbsp;: <\/strong>toute agissement li\u00e9 \u00e0 l\u2019un des motifs mentionn\u00e9s ci-dessus et tout agissement \u00e0 connotation sexuelle, subis par une personne et ayant pour objet ou pour effet de porter atteinte \u00e0 sa dignit\u00e9 ou de cr\u00e9er un environnement intimidant, hostile, d\u00e9gradant, humiliant ou offensant.<\/li>\n\n<li style=\"font-size:16px;font-style:normal;font-weight:100\"><strong>L\u2019injonction discriminatoire&nbsp;: <\/strong>il s\u2019agit d\u2019ordonner \u00e0 quelqu\u2019un d\u2019adopter un comportement discriminatoire.<\/li><\/ul><div style=\"height:30px\" aria-hidden=\"true\" class=\"wp-block-spacer\"><\/div><p style=\"font-size:16px;font-style:normal;font-weight:100\">Dans certains cas strictement pr\u00e9vus par la loi, l\u2019employeur peut faire des diff\u00e9rences de traitement mais il faut qu\u2019elles r\u00e9pondent \u00e0 une exigence professionnelle, qu\u2019elles poursuivent un objectif l\u00e9gitime et qu\u2019elles soient proportionn\u00e9es. (<strong><a href=\"https:\/\/www.legifrance.gouv.fr\/codes\/article_lc\/LEGIARTI000043895868\">Article 225-3 du Code p\u00e9nal<\/a><\/strong>)<\/p><div style=\"height:30px\" aria-hidden=\"true\" class=\"wp-block-spacer\"><\/div><h3 class=\"wp-block-heading has-text-color\" style=\"color:#0103f9;font-size:23px;font-style:normal;font-weight:700\"><strong>Qui peut \u00eatre discrimin\u00e9 au travail&nbsp;?<\/strong><\/h3><p style=\"font-size:16px;font-style:normal;font-weight:100\">Tout salari\u00e9 peut \u00eatre discrimin\u00e9. Qui plus est, la notion de salari\u00e9 doit \u00eatre prise dans un sens large car il peut \u00eatre&nbsp;:<\/p><ul class=\"wp-block-list\"><li style=\"font-size:16px;font-style:normal;font-weight:100\"><strong>Un candidat \u00e0 l\u2019embauche<\/strong><\/li>\n\n<li style=\"font-size:16px;font-style:normal;font-weight:100\"><strong>Un stagiaire<\/strong><\/li>\n\n<li style=\"font-size:16px;font-style:normal;font-weight:100\"><strong>Un apprenti<\/strong><\/li>\n\n<li style=\"font-size:16px;font-style:normal;font-weight:100\"><strong>Un salari\u00e9 en CDI, en CDD, etc\u2026<\/strong><\/li><\/ul><div style=\"height:30px\" aria-hidden=\"true\" class=\"wp-block-spacer\"><\/div><h3 class=\"wp-block-heading has-text-color\" style=\"color:#0103f9;font-size:23px;font-style:normal;font-weight:700\"><strong>Dans quelles situations peut-il y avoir une discrimination au travail&nbsp;?<\/strong><\/h3><p style=\"font-size:16px;font-style:normal;font-weight:100\">La discrimination est interdite \u00e0 tous les stades de la relation de travail&nbsp;:<\/p><ul class=\"wp-block-list\"><li style=\"font-size:16px;font-style:normal;font-weight:100\"><strong>Acc\u00e8s \u00e0 un stage<\/strong><\/li>\n\n<li style=\"font-size:16px;font-style:normal;font-weight:100\"><strong>Acc\u00e8s \u00e0 une p\u00e9riode de formation en entreprise<\/strong><\/li>\n\n<li style=\"font-size:16px;font-style:normal;font-weight:100\"><strong>Proc\u00e9dure de recrutement<\/strong><\/li>\n\n<li style=\"font-size:16px;font-style:normal;font-weight:100\"><strong>Proc\u00e9dure de nomination<\/strong><\/li>\n\n<li style=\"font-size:16px;font-style:normal;font-weight:100\"><strong>Formation<\/strong><\/li>\n\n<li style=\"font-size:16px;font-style:normal;font-weight:100\"><strong>Affectation<\/strong><\/li>\n\n<li style=\"font-size:16px;font-style:normal;font-weight:100\"><strong>Qualification<\/strong><\/li>\n\n<li style=\"font-size:16px;font-style:normal;font-weight:100\"><strong>Classification<\/strong><\/li>\n\n<li style=\"font-size:16px;font-style:normal;font-weight:100\"><strong>Promotion professionnelle<\/strong><\/li>\n\n<li style=\"font-size:16px;font-style:normal;font-weight:100\"><strong>Mutation<\/strong><\/li>\n\n<li style=\"font-size:16px;font-style:normal;font-weight:100\"><strong>Reclassement<\/strong><\/li>\n\n<li style=\"font-size:16px;font-style:normal;font-weight:100\"><strong>R\u00e9mun\u00e9ration<\/strong><\/li>\n\n<li style=\"font-size:16px;font-style:normal;font-weight:100\"><strong>Int\u00e9ressement ou distribution d\u2019actions<\/strong><\/li>\n\n<li style=\"font-size:16px;font-style:normal;font-weight:100\"><strong>Fixation des horaires de travail<\/strong><\/li>\n\n<li style=\"font-size:16px;font-style:normal;font-weight:100\"><strong>\u00c9valuation de la performance<\/strong><\/li>\n\n<li style=\"font-size:16px;font-style:normal;font-weight:100\"><strong>Renouvellement du contrat<\/strong><\/li>\n\n<li style=\"font-size:16px;font-style:normal;font-weight:100\"><strong>Sanction<\/strong><\/li>\n\n<li style=\"font-size:16px;font-style:normal;font-weight:100\"><strong>Licenciement<\/strong><\/li><\/ul><div style=\"height:30px\" aria-hidden=\"true\" class=\"wp-block-spacer\"><\/div><h3 class=\"wp-block-heading has-text-color\" style=\"color:#0103f9;font-size:23px;font-style:normal;font-weight:700\"><strong>Quels sont les sanctions pr\u00e9vues pour l\u2019auteur de la discrimination&nbsp;?<\/strong><\/h3><p style=\"font-size:16px;font-style:normal;font-weight:100\">La discrimination est interdite en France aussi bien dans le secteur priv\u00e9 (<strong><a href=\"https:\/\/www.legifrance.gouv.fr\/codes\/article_lc\/LEGIARTI000045391841#:~:text=Aucune%20personne%20ne%20peut%20%C3%AAtre,de%20la%20loi%20n%C2%B0\">Article L1132-1 du Code du travail<\/a><\/strong>) que dans le secteur public (<strong><a href=\"https:\/\/www.legifrance.gouv.fr\/codes\/section_lc\/LEGITEXT000044416551\/LEGISCTA000044420885\/#:~:text=Aucun%20agent%20public%20ne%20doit,%2C%20d%C3%A9gradant%2C%20humiliant%20ou%20offensant.&amp;text=Article%20L131%2D4-,Cr%C3%A9ation%20Ordonnance%20n%C2%B02021,du%2024%20novembre%202021%20%2D%20art.\">Article L131-1 \u00e0 L131-2 du Code g\u00e9n\u00e9ral de la fonction publique<\/a><\/strong>).<\/p><p style=\"font-size:16px;font-style:normal;font-weight:100\">L\u2019auteur d\u2019une discrimination encourt&nbsp;:<\/p><ul class=\"wp-block-list\"><li style=\"font-size:16px;font-style:normal;font-weight:100\"><strong>Une sanction disciplinaire<\/strong>, lorsque l\u2019auteur est salari\u00e9 de l\u2019entreprise<\/li>\n\n<li style=\"font-size:16px;font-style:normal;font-weight:100\"><strong>Des sanctions p\u00e9nales<\/strong>&nbsp;: 3 ans d\u2019emprisonnement et 45 000 euros d\u2019amende (<strong><a href=\"https:\/\/www.legifrance.gouv.fr\/codes\/article_lc\/LEGIARTI000033975382#:~:text=Lorsque%20le%20refus%20discriminatoire%20pr%C3%A9vu,75%20000%20euros%20d'amende.\">Article 225-2 du Code p\u00e9nal<\/a><\/strong>)<\/li>\n\n<li style=\"font-size:16px;font-style:normal;font-weight:100\"><strong>Une r\u00e9paration p\u00e9cuniaire du pr\u00e9judice subi par la victime<\/strong><\/li><\/ul><div style=\"height:30px\" aria-hidden=\"true\" class=\"wp-block-spacer\"><\/div><p style=\"font-size:16px;font-style:normal;font-weight:100\">Si l\u2019auteur est un agent public, les peines peuvent \u00eatre&nbsp;:<\/p><ul class=\"wp-block-list\"><li style=\"font-size:16px;font-style:normal;font-weight:100\"><strong>Une sanction disciplinaire<\/strong><\/li>\n\n<li style=\"font-size:16px;font-style:normal;font-weight:100\"><strong>Des sanctions p\u00e9nales&nbsp;:<\/strong> 5 ans d\u2019emprisonnement et 75 000 euros d\u2019amende (<strong><a href=\"https:\/\/www.legifrance.gouv.fr\/codes\/article_lc\/LEGIARTI000026268216\">Article 432-7 du Code p\u00e9nal<\/a><\/strong>)<\/li>\n\n<li style=\"font-size:16px;font-style:normal;font-weight:100\"><strong>Une r\u00e9paration p\u00e9cuniaire du pr\u00e9judice subi par la victime<\/strong><\/li><\/ul><div style=\"height:30px\" aria-hidden=\"true\" class=\"wp-block-spacer\"><\/div><p style=\"font-size:16px;font-style:normal;font-weight:100\">Les personnes morales d\u00e9clar\u00e9es responsables p\u00e9nalement d\u2019actes de discrimination encourent :<\/p><ul class=\"wp-block-list\"><li style=\"font-size:16px;font-style:normal;font-weight:100\"><strong>225 000 euros d\u2019amende<\/strong> (<strong><a href=\"https:\/\/www.legifrance.gouv.fr\/codes\/article_lc\/LEGIARTI000020630926\">Article 225-4 du Code p\u00e9nal<\/a><\/strong>).<\/li>\n\n<li style=\"font-size:16px;font-style:normal;font-weight:100\"><strong>375 000 euros d\u2019amende lorsque la discrimination a \u00e9t\u00e9 commise dans un lieu accueillant du public ou aux fins d\u2019en interdire l\u2019acc\u00e8s<\/strong> (<strong><a href=\"https:\/\/www.legifrance.gouv.fr\/codes\/article_lc\/LEGIARTI000020630926\">Article 225-4 du Code p\u00e9nal<\/a><\/strong>).<\/li><\/ul><div style=\"height:30px\" aria-hidden=\"true\" class=\"wp-block-spacer\"><\/div><div class=\"wp-block-buttons is-content-justification-center is-layout-flex wp-container-core-buttons-is-layout-16018d1d wp-block-buttons-is-layout-flex\"><div class=\"wp-block-button is-style-fill\"><a class=\"wp-block-button__link has-background wp-element-button\" href=\"https:\/\/www.matuile.com\" style=\"background-color:#d86031\">Je veux un huissier<\/a><\/div><\/div><div style=\"height:50px\" aria-hidden=\"true\" class=\"wp-block-spacer\"><\/div><h2 class=\"wp-block-heading has-text-align-center has-white-color has-text-color has-background\" id=\"Comment-prouver-la-discrimination-au-travail-?-Le-constat-d\u2019huissier\" style=\"background-color:#d86031;font-style:normal;font-weight:700\"><strong>&nbsp;<\/strong>2. Comment prouver la discrimination au travail&nbsp;? Le constat d\u2019huissier<\/h2><p style=\"font-size:16px;font-style:normal;font-weight:100\">Un <strong>constat d\u2019huissier<\/strong> de justice rev\u00eat une importance cruciale dans la lutte contre la <strong>discrimination au travail<\/strong>.<\/p><p style=\"font-size:16px;font-style:normal;font-weight:100\">Il sert \u00e0 consigner de mani\u00e8re impartiale et objective les preuves mat\u00e9rielles li\u00e9es \u00e0 une situation de discrimination professionnelle.<\/p><p style=\"font-size:16px;font-style:normal;font-weight:100\"><strong>L\u2019huissier atteste et documente tous les actes discriminatoires en dressant un proc\u00e8s-verbal qui r\u00e9pertorie tous les \u00e9l\u00e9ments concrets<\/strong> tels que des emails, des notes de service, des r\u00e8glements divers, des t\u00e9moignages et toutes les autres preuves pertinentes.<\/p><p style=\"font-size:16px;font-style:normal;font-weight:100\">De plus, si des \u00e9l\u00e9ments de discrimination sont pr\u00e9sents en ligne ou accessibles sur un smartphone, l\u2019huissier peut dresser un <strong><a href=\"https:\/\/matuile.com\/media\/constat-internet-huissier\/\">constat sur Internet<\/a><\/strong> ou un <strong><a href=\"https:\/\/matuile.com\/media\/sms-huissier\/\">constat de SMS<\/a><\/strong>.<\/p><p style=\"font-size:16px;font-style:normal;font-weight:100\">Il est important de noter que le constat d\u2019huissier jouit d\u2019une grande cr\u00e9dibilit\u00e9 car la loi accorde \u00e0 cet auxiliaire de justice le statut d\u2019officier public minist\u00e9riel, ce qui rend son constat en mati\u00e8re de discrimination au travail difficilement contestable.<\/p><div style=\"height:30px\" aria-hidden=\"true\" class=\"wp-block-spacer\"><\/div><div class=\"wp-block-buttons is-content-justification-center is-layout-flex wp-container-core-buttons-is-layout-16018d1d wp-block-buttons-is-layout-flex\"><div class=\"wp-block-button is-style-fill\"><a class=\"wp-block-button__link has-background wp-element-button\" href=\"https:\/\/www.matuile.com\" style=\"background-color:#d86031\">Je veux un huissier<\/a><\/div><\/div><div style=\"height:50px\" aria-hidden=\"true\" class=\"wp-block-spacer\"><\/div><h2 class=\"wp-block-heading has-text-align-center has-white-color has-text-color has-background\" id=\"Pourquoi-\u00e9tablir-un-constat-d\u2019huissier-en-cas-de-discrimination-au-travail-?\" style=\"background-color:#d86031;font-style:normal;font-weight:700\">3. Pourquoi \u00e9tablir un constat d\u2019huissier en cas de discrimination au travail ?<\/h2><div style=\"height:10px\" aria-hidden=\"true\" class=\"wp-block-spacer\"><\/div><h3 class=\"wp-block-heading has-text-color\" style=\"color:#0103f9;font-size:23px;font-style:normal;font-weight:700\"><strong>\u00c9tablir la preuve de la discrimination au travail<\/strong><\/h3><p style=\"font-size:16px;font-style:normal;font-weight:100\">Un <strong>constat d\u2019huissier<\/strong> de justice constitue une preuve solide en cas de litige li\u00e9 \u00e0 la <strong>discrimination au travail<\/strong>. Il permet de documenter de mani\u00e8re impartiale et objective les \u00e9l\u00e9ments mat\u00e9riels relatifs \u00e0 la discrimination tels que des \u00e9valuations de performance, des d\u00e9cisions manag\u00e9riales, des r\u00e8glements de jeu ou tout autre \u00e9l\u00e9ment probant.<\/p><p style=\"font-size:16px;font-style:normal;font-weight:100\"><strong>L\u2019avantage principal r\u00e9side dans sa fiabilit\u00e9 car il est difficilement constatable par qui que ce soit.<\/strong><\/p><div style=\"height:10px\" aria-hidden=\"true\" class=\"wp-block-spacer\"><\/div><h3 class=\"wp-block-heading has-text-color\" style=\"color:#0103f9;font-size:23px;font-style:normal;font-weight:700\"><strong>Faciliter la r\u00e9solution amiable du litige<\/strong><\/h3><p style=\"font-size:16px;font-style:normal;font-weight:100\">Le constat peut contribuer \u00e0 r\u00e9soudre le litige de mani\u00e8re amiable. L\u2019auteur de la discrimination peut prendre conscience de la situation en lui pr\u00e9sentant les preuves objectives de ses agissements et de leurs \u00e9ventuelles cons\u00e9quences p\u00e9nales. <strong>Cela peut l\u2019inciter \u00e0 rechercher une solution consensuelle avec la victime plut\u00f4t que de risquer des poursuites judiciaires.<\/strong><\/p><div style=\"height:10px\" aria-hidden=\"true\" class=\"wp-block-spacer\"><\/div><h3 class=\"wp-block-heading has-text-color\" style=\"color:#0103f9;font-size:23px;font-style:normal;font-weight:700\"><strong>Ouvrir la voie \u00e0 une indemnisation du pr\u00e9judice subi par la victime<\/strong><\/h3><p style=\"font-size:16px;font-style:normal;font-weight:100\">Le <strong>constat d&rsquo;huissier<\/strong> peut servir de point de d\u00e9part \u00e0 des n\u00e9gociations en vue d\u2019indemniser la victime pour le pr\u00e9judice subi en raison de la <strong>discrimination au travail<\/strong>.<\/p><div style=\"height:10px\" aria-hidden=\"true\" class=\"wp-block-spacer\"><\/div><h3 class=\"wp-block-heading has-text-color\" style=\"color:#0103f9;font-size:23px;font-style:normal;font-weight:700\">Agir en <strong>justice<\/strong><\/h3><p style=\"font-size:16px;font-style:normal;font-weight:100\">Le constat peut jouer un r\u00f4le essentiel dans le cadre de poursuites judiciaires car il permet \u00e0 la victime de faire valoir ses droits sur des preuves objectives et impartiales, de r\u00e9clamer une compensation financi\u00e8re pour les dommages subis et d\u2019obtenir du juge une d\u00e9cision de justice en sa faveur.<\/p><div style=\"height:30px\" aria-hidden=\"true\" class=\"wp-block-spacer\"><\/div><div class=\"wp-block-buttons is-content-justification-center is-layout-flex wp-container-core-buttons-is-layout-16018d1d wp-block-buttons-is-layout-flex\"><div class=\"wp-block-button is-style-fill\"><a class=\"wp-block-button__link has-background wp-element-button\" href=\"https:\/\/www.matuile.com\" style=\"background-color:#d86031\">Je veux un huissier<\/a><\/div><\/div><div style=\"height:50px\" aria-hidden=\"true\" class=\"wp-block-spacer\"><\/div><h2 class=\"wp-block-heading has-text-align-center has-white-color has-text-color has-background\" id=\"Qui-peut-demander-un-constat-d\u2019huissier-en-cas-de-discrimination-au-travail-?\" style=\"background-color:#d86031;font-style:normal;font-weight:700\">4. Qui peut demander un constat d\u2019huissier en cas de discrimination au travail ?<\/h2><p style=\"font-size:16px;font-style:normal;font-weight:100\">Toute personne qui a int\u00e9r\u00eat et qualit\u00e9 \u00e0 agir peut demander un <strong>constat d&rsquo;huissier<\/strong> en cas de <strong>discrimination au travail<\/strong>, comme&nbsp;:<\/p><ul class=\"wp-block-list\"><li style=\"font-size:16px;font-style:normal;font-weight:100\"><strong>La victime&nbsp;:<\/strong> dans la plupart des cas, c\u2019est le salari\u00e9 touch\u00e9 par la discrimination au travail qui initie la demande de constat d\u2019huissier.<\/li>\n\n<li style=\"font-size:16px;font-style:normal;font-weight:100\"><strong>Les organisations syndicales&nbsp;:<\/strong> les syndicats peuvent exercer en justice toute action relative \u00e0 des agissements discriminatoires en faveur d\u2019un salari\u00e9, d\u2019un candidat \u00e0 l\u2019emploi, \u00e0 un stage ou \u00e0 une formation. Ils peuvent dans ce cadre-l\u00e0 demander \u00e0 un huissier de dresser un constat de discrimination au travail.<\/li>\n\n<li style=\"font-size:16px;font-style:normal;font-weight:100\"><strong>Les associations de lutte contre les discriminations ou celles agissant dans le domaine du handicap&nbsp;:<\/strong> elles peuvent intenter une action en justice relative \u00e0 des comportements discriminatoires \u00e0 l&rsquo;\u00e9gard d\u2019un salari\u00e9, d\u2019un candidat \u00e0 l\u2019emploi, \u00e0 un stage ou \u00e0 une formation. Elles peuvent \u00e0 cette occasion solliciter le recours \u00e0 un huissier de justice pour dresser un constat de discrimination au travail.<\/li>\n\n<li style=\"font-size:16px;font-style:normal;font-weight:100\"><strong>L\u2019employeur&nbsp;: <\/strong>dans le cas o\u00f9 un salari\u00e9 a un comportement discriminatoire \u00e0 l\u2019\u00e9gard d\u2019un coll\u00e8gue, l\u2019employeur peut faire appel \u00e0 un huissier de justice pour dresser un constat qui lui servira de preuve en cas de poursuite disciplinaire.<\/li>\n\n<li style=\"font-size:16px;font-style:normal;font-weight:100\"><strong>Les avocats&nbsp;:<\/strong> cet auxiliaire de justice peut requ\u00e9rir au nom de son client un huissier de justice pour \u00e9tablir un constat de discrimination au travail et \u00e9tayer son dossier.<\/li><\/ul><div style=\"height:50px\" aria-hidden=\"true\" class=\"wp-block-spacer\"><\/div><h2 class=\"wp-block-heading has-text-align-center has-white-color has-text-color has-background\" id=\"Quel-est-le-prix-d\u2019un-constat-de-discrimination-au-travail-?\" style=\"background-color:#d86031;font-style:normal;font-weight:700\">5. Quel est le prix d\u2019un constat de discrimination au travail&nbsp;?<\/h2><div style=\"height:10px\" aria-hidden=\"true\" class=\"wp-block-spacer\"><\/div><h3 class=\"wp-block-heading has-text-color\" id=\"Etat-des-lieux-amiable\" style=\"color:#0103f9;font-size:23px;font-style:normal;font-weight:700\"><strong>La libert\u00e9 des prix des constats<\/strong><\/h3><p style=\"font-size:16px;font-style:normal;font-weight:100\">Les huissiers fixent librement les prix de leurs constats.<\/p><p style=\"font-size:16px;font-style:normal;font-weight:100\">Leurs tarifs peuvent alors varier en fonction de plusieurs crit\u00e8res&nbsp;:<\/p><ul class=\"wp-block-list\"><li style=\"font-size:16px;font-style:normal;font-weight:100\"><strong>L\u2019expertise de l\u2019huissier dans le domaine<\/strong><\/li>\n\n<li style=\"font-size:16px;font-style:normal;font-weight:100\"><strong>La nature des \u00e9l\u00e9ments \u00e0 recueillir&nbsp;:<\/strong> t\u00e9moignages, emails, pages web, SMS ou tout autre \u00e9l\u00e9ment de preuve.<\/li>\n\n<li style=\"font-size:16px;font-style:normal;font-weight:100\"><strong>La quantit\u00e9 des preuves \u00e0 collecter<\/strong><\/li>\n\n<li style=\"font-size:16px;font-style:normal;font-weight:100\"><strong>Les frais de d\u00e9placement li\u00e9s \u00e0 la r\u00e9alisation du constat<\/strong><\/li><\/ul><div style=\"height:30px\" aria-hidden=\"true\" class=\"wp-block-spacer\"><\/div><p style=\"font-size:16px;font-style:normal;font-weight:100\">De mani\u00e8re g\u00e9n\u00e9rale,&nbsp;<strong>les prix des constats en mati\u00e8re de discrimination varient entre 200 \u20ac et 400 \u20ac TTC<\/strong>. Ils peuvent toutefois s\u2019\u00e9lever \u00e0 des montants beaucoup plus \u00e9lev\u00e9s dans des cas exceptionnels. Consultez notre \u00e9tude sur&nbsp;<strong><a href=\"https:\/\/matuile.com\/media\/prix-constat-huissier\/\">les prix des constats d\u2019huissiers<\/a><\/strong>&nbsp;pour en savoir +<\/p><div style=\"height:30px\" aria-hidden=\"true\" class=\"wp-block-spacer\"><\/div><h3 class=\"wp-block-heading has-text-color\" id=\"Etat-des-lieux-litigieux\" style=\"color:#0103f9;font-size:23px;font-style:normal;font-weight:700\">Qui paie le constat&nbsp;?<\/h3><p style=\"font-size:16px;font-style:normal;font-weight:100\">La personne qui demande \u00e0 l&rsquo;huissier un constat de discrimination au travail est responsable de son paiement.<\/p><p style=\"font-size:16px;font-style:normal;font-weight:100\">Cependant, dans le cadre d\u2019une proc\u00e9dure amiable ou judiciaire, les frais du constat d&rsquo;huissier peuvent \u00eatre mis \u00e0 la charge de la partie responsable de la discrimination au travail&nbsp;:<\/p><ul class=\"wp-block-list\"><li style=\"font-size:16px;font-style:normal;font-weight:100\"><strong>En cas de r\u00e8glement amiable&nbsp;:<\/strong> les parties impliqu\u00e9es dans le litige peuvent convenir que les frais associ\u00e9s au constat soient rembours\u00e9s \u00e0 la victime par l\u2019auteur de la discrimination.<\/li>\n\n<li style=\"font-size:16px;font-style:normal;font-weight:100\"><strong>En cas de r\u00e8glement judiciaire&nbsp;:<\/strong> la question des frais du constat peut \u00eatre tranch\u00e9e par le juge en fonction des circonstances de l\u2019affaire et il peut tr\u00e8s bien d\u00e9cider qu\u2019ils soient support\u00e9s par l\u2019auteur de la discrimination.<\/li><\/ul><div style=\"height:50px\" aria-hidden=\"true\" class=\"wp-block-spacer\"><\/div><p style=\"font-size:16px;font-style:normal;font-weight:100\"><strong>Pour conclure, le constat \u00e9tabli par un huissier justice joue un r\u00f4le essentiel dans la lutte contre la discrimination au travail.<\/strong> Il offre aux victimes la possibilit\u00e9 de disposer de preuves tangibles, renfor\u00e7ant ainsi leur position dans le cadre d\u2019une proc\u00e9dure amiable ou judiciaire.<\/p><div style=\"height:50px\" aria-hidden=\"true\" class=\"wp-block-spacer\"><\/div><div class=\"wp-block-buttons is-content-justification-center is-layout-flex wp-container-core-buttons-is-layout-16018d1d wp-block-buttons-is-layout-flex\"><div class=\"wp-block-button is-style-fill\"><a class=\"wp-block-button__link has-background wp-element-button\" href=\"https:\/\/www.matuile.com\" style=\"background-color:#d86031\">Je veux un huissier<\/a><\/div><\/div><div style=\"height:100px\" aria-hidden=\"true\" class=\"wp-block-spacer\"><\/div><div class=\"wp-block-group has-background is-vertical is-content-justification-stretch is-layout-flex wp-container-core-group-is-layout-b16ad781 wp-block-group-is-layout-flex\" style=\"background-color:#f2fafd\"><div style=\"height:0px\" aria-hidden=\"true\" class=\"wp-block-spacer wp-container-content-728072c3\"><\/div>\n\n<p class=\"has-text-align-center has-black-color has-text-color has-link-color has-medium-font-size wp-elements-6d86e295364c747beb72ba7170edf3bb\" style=\"font-style:normal;font-weight:100;text-decoration:underline\"><strong>Le guide des constats d&rsquo;huissier<\/strong><\/p>\n\n<div style=\"height:10px\" aria-hidden=\"true\" class=\"wp-block-spacer wp-container-content-728072c3\"><\/div>\n\n<div class=\"wp-block-columns is-layout-flex wp-container-core-columns-is-layout-9d6595d7 wp-block-columns-is-layout-flex\"><div class=\"wp-block-column is-layout-flow wp-block-column-is-layout-flow\"><ul class=\"wp-block-list\"><li><strong><a href=\"https:\/\/matuile.com\/media\/nuisance-sonore-constat-huissier\/\">Constat de nuisance sonore<\/a><\/strong><\/li>\n\n<li><strong><a href=\"https:\/\/matuile.com\/media\/nuisance-olfactive-constat-huissier\/\">Constat de nuisance olfactive<\/a><\/strong><\/li>\n\n<li><strong><a href=\"https:\/\/matuile.com\/media\/nuisance-visuelle-constat-huissier\/\">Constat de nuisance visuelle<\/a><\/strong><\/li>\n\n<li><strong><a href=\"https:\/\/matuile.com\/media\/constat-degat-des-eaux-huissier\/\">Constat de d\u00e9g\u00e2t des eaux<\/a><\/strong><\/li>\n\n<li><strong><a href=\"https:\/\/matuile.com\/media\/etat-des-lieux-huissier\/\">Constat d&rsquo;\u00e9tat des lieux d\u2019entr\u00e9e ou de sortie<\/a><\/strong><\/li>\n\n<li><strong><a href=\"https:\/\/matuile.com\/media\/sous-location-illegale-constat-huissier\/\">Constat de sous-location ill\u00e9gale<\/a><\/strong><\/li>\n\n<li><strong><a href=\"https:\/\/matuile.com\/media\/constat-huissier-affichage-permis-de-construire\/\">Constat d&rsquo;affichage du permis de construire<\/a><\/strong><\/li>\n\n<li><strong><a href=\"https:\/\/matuile.com\/media\/sms-huissier\/\">Constat de SMS<\/a><\/strong><\/li>\n\n<li><strong><a href=\"https:\/\/matuile.com\/media\/constat-internet-huissier\/\">Constat sur Internet<\/a><\/strong><\/li>\n\n<li><strong><a href=\"https:\/\/matuile.com\/media\/constat-huissier-informatique\/\">Constat&nbsp;informatique<\/a><\/strong><\/li>\n\n<li><strong><a href=\"https:\/\/matuile.com\/media\/porter-plainte-insulte-preuve-huissier\/\">Constat d\u2019insulte<\/a><\/strong><\/li>\n\n<li><strong><a href=\"https:\/\/matuile.com\/media\/comment-prouver-la-diffamation-huissier\/\">Constat de diffamation<\/a><\/strong><\/li><\/ul><\/div>\n\n<div class=\"wp-block-column is-layout-flow wp-block-column-is-layout-flow\"><ul class=\"wp-block-list\"><li><strong><a href=\"https:\/\/matuile.com\/media\/suppression-avis-google-huissier\/\">Constat \u00ab&nbsp;avis Google&nbsp;\u00bb<\/a><\/strong><\/li>\n\n<li><strong><a href=\"https:\/\/matuile.com\/media\/harcelement-constat-huissier\/\">Constat harc\u00e8lement<\/a><\/strong><\/li>\n\n<li><strong><a href=\"https:\/\/matuile.com\/media\/harcelement-scolaire-constat-huissier\/\">Constat harc\u00e8lement scolaire<\/a><\/strong><\/li>\n\n<li><strong><a href=\"https:\/\/matuile.com\/media\/harcelement-moral-au-travail-constat-huissier\/\">Constat harc\u00e8lement moral au travail<\/a><\/strong><\/li>\n\n<li><strong><a href=\"https:\/\/matuile.com\/media\/harcelement-sexuel-travail-constat-huissier\/\">Constat harc\u00e8lement sexuel au travail<\/a><\/strong><\/li>\n\n<li><strong><a href=\"https:\/\/matuile.com\/media\/harcelement-internet-constat-huissier\/\">Constat harc\u00e8lement sur Internet<\/a><\/strong><\/li>\n\n<li><strong><a href=\"https:\/\/matuile.com\/media\/harcelement-moral-dans-le-couple-constat-huissier\/\">Constat harc\u00e8lement moral dans le couple<\/a><\/strong><\/li>\n\n<li><strong><a href=\"https:\/\/matuile.com\/media\/harcelement-sexuel-constat-huissier\/\">Constat harc\u00e8lement sexuel<\/a><\/strong><\/li>\n\n<li><strong><a href=\"https:\/\/matuile.com\/media\/harcelement-telephonique-constat-huissier\/\">Constat harc\u00e8lement t\u00e9l\u00e9phonique<\/a><\/strong><\/li>\n\n<li><strong><a href=\"https:\/\/matuile.com\/media\/prouver-discrimination-huissier\/\">Constat de discrimination<\/a><\/strong><\/li>\n\n<li><strong><a href=\"https:\/\/matuile.com\/media\/discrimination-travail-constat-huissier\/\">Constat de discrimination au travail<\/a><\/strong><\/li>\n\n<li><strong><a href=\"https:\/\/matuile.com\/media\/discrimination-logement-constat-huissier\/\">Constat de discrimination au logement<\/a><\/strong><\/li><\/ul><\/div><\/div>\n\n<div style=\"height:0px\" aria-hidden=\"true\" class=\"wp-block-spacer wp-container-content-728072c3\"><\/div><\/div><div style=\"height:50px\" aria-hidden=\"true\" class=\"wp-block-spacer\"><\/div><hr class=\"wp-block-separator has-alpha-channel-opacity\"\/>","protected":false},"excerpt":{"rendered":"<p>La discrimination au travail demeure malheureusement une r\u00e9alit\u00e9 persistante dans de nombreux milieux professionnels affectant la vie de beaucoup de salari\u00e9s. Au-del\u00e0&#8230;<\/p>\n","protected":false},"author":3,"featured_media":42256,"comment_status":"open","ping_status":"open","sticky":false,"template":"","format":"standard","meta":{"inline_featured_image":false,"footnotes":""},"categories":[79,75],"tags":[],"class_list":{"0":"post-42245","1":"post","2":"type-post","3":"status-publish","4":"format-standard","5":"has-post-thumbnail","7":"category-discrimination","8":"category-guide-huissier-de-justice"},"acf":[],"yoast_head":"<!-- This site is optimized with the Yoast SEO plugin v27.5 - https:\/\/yoast.com\/product\/yoast-seo-wordpress\/ -->\n<title>Discrimination au Travail : Constat d&#039;Huissier 24\/7<\/title>\n<meta name=\"description\" content=\"Discrimination au Travail : Comment la prouver ? Le constat d&#039;huissier est la preuve par excellence. Matuile vous dit tout sur le sujet.\" \/>\n<meta name=\"robots\" content=\"index, follow, max-snippet:-1, max-image-preview:large, max-video-preview:-1\" \/>\n<link rel=\"canonical\" href=\"https:\/\/matuile.com\/media\/discrimination-travail-constat-huissier\/\" \/>\n<meta property=\"og:locale\" content=\"fr_FR\" \/>\n<meta property=\"og:type\" content=\"article\" \/>\n<meta property=\"og:title\" content=\"Discrimination au Travail : Constat d&#039;Huissier 24\/7\" \/>\n<meta property=\"og:description\" content=\"Discrimination au Travail : Comment la prouver ? Le constat d&#039;huissier est la preuve par excellence. Matuile vous dit tout sur le sujet.\" \/>\n<meta property=\"og:url\" content=\"https:\/\/matuile.com\/media\/discrimination-travail-constat-huissier\/\" \/>\n<meta property=\"og:site_name\" content=\"Matuile\" \/>\n<meta property=\"article:published_time\" content=\"2024-05-02T07:13:05+00:00\" \/>\n<meta property=\"article:modified_time\" content=\"2024-05-02T07:13:06+00:00\" \/>\n<meta property=\"og:image\" content=\"https:\/\/matuile.com\/media\/wp-content\/uploads\/2023\/11\/discrimination-travail.png\" \/>\n\t<meta property=\"og:image:width\" content=\"1920\" \/>\n\t<meta property=\"og:image:height\" content=\"1080\" \/>\n\t<meta property=\"og:image:type\" content=\"image\/png\" \/>\n<meta name=\"author\" content=\"Ivry\" \/>\n<meta name=\"twitter:card\" content=\"summary_large_image\" \/>\n<meta name=\"twitter:label1\" content=\"\u00c9crit par\" \/>\n\t<meta name=\"twitter:data1\" content=\"Ivry\" \/>\n\t<meta name=\"twitter:label2\" content=\"Dur\u00e9e de lecture estim\u00e9e\" \/>\n\t<meta name=\"twitter:data2\" content=\"10 minutes\" \/>\n<script type=\"application\/ld+json\" class=\"yoast-schema-graph\">{\"@context\":\"https:\\\/\\\/schema.org\",\"@graph\":[{\"@type\":\"Article\",\"@id\":\"https:\\\/\\\/matuile.com\\\/media\\\/discrimination-travail-constat-huissier\\\/#article\",\"isPartOf\":{\"@id\":\"https:\\\/\\\/matuile.com\\\/media\\\/discrimination-travail-constat-huissier\\\/\"},\"author\":{\"name\":\"Ivry\",\"@id\":\"https:\\\/\\\/matuile.com\\\/media\\\/#\\\/schema\\\/person\\\/cab3567a026e668d3705f4f6a6135484\"},\"headline\":\"Discrimination au travail : Le constat d&rsquo;huissier, arme juridique face \u00e0 l&rsquo;injustice\",\"datePublished\":\"2024-05-02T07:13:05+00:00\",\"dateModified\":\"2024-05-02T07:13:06+00:00\",\"mainEntityOfPage\":{\"@id\":\"https:\\\/\\\/matuile.com\\\/media\\\/discrimination-travail-constat-huissier\\\/\"},\"wordCount\":1977,\"commentCount\":0,\"publisher\":{\"@id\":\"https:\\\/\\\/matuile.com\\\/media\\\/#organization\"},\"image\":{\"@id\":\"https:\\\/\\\/matuile.com\\\/media\\\/discrimination-travail-constat-huissier\\\/#primaryimage\"},\"thumbnailUrl\":\"https:\\\/\\\/matuile.com\\\/media\\\/wp-content\\\/uploads\\\/2023\\\/11\\\/discrimination-travail.png\",\"articleSection\":[\"Discrimination\",\"Huissier de justice\"],\"inLanguage\":\"fr-FR\",\"potentialAction\":[{\"@type\":\"CommentAction\",\"name\":\"Comment\",\"target\":[\"https:\\\/\\\/matuile.com\\\/media\\\/discrimination-travail-constat-huissier\\\/#respond\"]}]},{\"@type\":\"WebPage\",\"@id\":\"https:\\\/\\\/matuile.com\\\/media\\\/discrimination-travail-constat-huissier\\\/\",\"url\":\"https:\\\/\\\/matuile.com\\\/media\\\/discrimination-travail-constat-huissier\\\/\",\"name\":\"Discrimination au Travail : Constat d'Huissier 24\\\/7\",\"isPartOf\":{\"@id\":\"https:\\\/\\\/matuile.com\\\/media\\\/#website\"},\"primaryImageOfPage\":{\"@id\":\"https:\\\/\\\/matuile.com\\\/media\\\/discrimination-travail-constat-huissier\\\/#primaryimage\"},\"image\":{\"@id\":\"https:\\\/\\\/matuile.com\\\/media\\\/discrimination-travail-constat-huissier\\\/#primaryimage\"},\"thumbnailUrl\":\"https:\\\/\\\/matuile.com\\\/media\\\/wp-content\\\/uploads\\\/2023\\\/11\\\/discrimination-travail.png\",\"datePublished\":\"2024-05-02T07:13:05+00:00\",\"dateModified\":\"2024-05-02T07:13:06+00:00\",\"description\":\"Discrimination au Travail : Comment la prouver ? Le constat d'huissier est la preuve par excellence. Matuile vous dit tout sur le sujet.\",\"breadcrumb\":{\"@id\":\"https:\\\/\\\/matuile.com\\\/media\\\/discrimination-travail-constat-huissier\\\/#breadcrumb\"},\"inLanguage\":\"fr-FR\",\"potentialAction\":[{\"@type\":\"ReadAction\",\"target\":[\"https:\\\/\\\/matuile.com\\\/media\\\/discrimination-travail-constat-huissier\\\/\"]}]},{\"@type\":\"ImageObject\",\"inLanguage\":\"fr-FR\",\"@id\":\"https:\\\/\\\/matuile.com\\\/media\\\/discrimination-travail-constat-huissier\\\/#primaryimage\",\"url\":\"https:\\\/\\\/matuile.com\\\/media\\\/wp-content\\\/uploads\\\/2023\\\/11\\\/discrimination-travail.png\",\"contentUrl\":\"https:\\\/\\\/matuile.com\\\/media\\\/wp-content\\\/uploads\\\/2023\\\/11\\\/discrimination-travail.png\",\"width\":1920,\"height\":1080,\"caption\":\"discrimination travail\"},{\"@type\":\"BreadcrumbList\",\"@id\":\"https:\\\/\\\/matuile.com\\\/media\\\/discrimination-travail-constat-huissier\\\/#breadcrumb\",\"itemListElement\":[{\"@type\":\"ListItem\",\"position\":1,\"name\":\"Accueil\",\"item\":\"https:\\\/\\\/matuile.com\\\/media\\\/\"},{\"@type\":\"ListItem\",\"position\":2,\"name\":\"Huissier de justice\",\"item\":\"https:\\\/\\\/matuile.com\\\/media\\\/category\\\/guide-huissier-de-justice\\\/\"},{\"@type\":\"ListItem\",\"position\":3,\"name\":\"Discrimination au travail : Le constat d&rsquo;huissier, arme juridique face \u00e0 l&rsquo;injustice\"}]},{\"@type\":\"WebSite\",\"@id\":\"https:\\\/\\\/matuile.com\\\/media\\\/#website\",\"url\":\"https:\\\/\\\/matuile.com\\\/media\\\/\",\"name\":\"Matuile Blog\",\"description\":\"La solution \u00e0 votre urgence\",\"publisher\":{\"@id\":\"https:\\\/\\\/matuile.com\\\/media\\\/#organization\"},\"alternateName\":\"Matuile\",\"potentialAction\":[{\"@type\":\"SearchAction\",\"target\":{\"@type\":\"EntryPoint\",\"urlTemplate\":\"https:\\\/\\\/matuile.com\\\/media\\\/?s={search_term_string}\"},\"query-input\":{\"@type\":\"PropertyValueSpecification\",\"valueRequired\":true,\"valueName\":\"search_term_string\"}}],\"inLanguage\":\"fr-FR\"},{\"@type\":\"Organization\",\"@id\":\"https:\\\/\\\/matuile.com\\\/media\\\/#organization\",\"name\":\"Matuile\",\"url\":\"https:\\\/\\\/matuile.com\\\/media\\\/\",\"logo\":{\"@type\":\"ImageObject\",\"inLanguage\":\"fr-FR\",\"@id\":\"https:\\\/\\\/matuile.com\\\/media\\\/#\\\/schema\\\/logo\\\/image\\\/\",\"url\":\"https:\\\/\\\/matuile.com\\\/media\\\/wp-content\\\/uploads\\\/2023\\\/04\\\/Matuile.png\",\"contentUrl\":\"https:\\\/\\\/matuile.com\\\/media\\\/wp-content\\\/uploads\\\/2023\\\/04\\\/Matuile.png\",\"width\":700,\"height\":700,\"caption\":\"Matuile\"},\"image\":{\"@id\":\"https:\\\/\\\/matuile.com\\\/media\\\/#\\\/schema\\\/logo\\\/image\\\/\"}},{\"@type\":\"Person\",\"@id\":\"https:\\\/\\\/matuile.com\\\/media\\\/#\\\/schema\\\/person\\\/cab3567a026e668d3705f4f6a6135484\",\"name\":\"Ivry\",\"image\":{\"@type\":\"ImageObject\",\"inLanguage\":\"fr-FR\",\"@id\":\"https:\\\/\\\/secure.gravatar.com\\\/avatar\\\/daa54e258373150ac657a2cc95b2d0a028bfcd43b4c07bf290a1ece06fc71a39?s=96&d=mm&r=g\",\"url\":\"https:\\\/\\\/secure.gravatar.com\\\/avatar\\\/daa54e258373150ac657a2cc95b2d0a028bfcd43b4c07bf290a1ece06fc71a39?s=96&d=mm&r=g\",\"contentUrl\":\"https:\\\/\\\/secure.gravatar.com\\\/avatar\\\/daa54e258373150ac657a2cc95b2d0a028bfcd43b4c07bf290a1ece06fc71a39?s=96&d=mm&r=g\",\"caption\":\"Ivry\"},\"sameAs\":[\"https:\\\/\\\/www.linkedin.com\\\/in\\\/ivry-cagnac\\\/\"],\"url\":\"https:\\\/\\\/matuile.com\\\/media\\\/author\\\/matuile\\\/\"}]}<\/script>\n<!-- \/ Yoast SEO plugin. -->","yoast_head_json":{"title":"Discrimination au Travail : Constat d'Huissier 24\/7","description":"Discrimination au Travail : Comment la prouver ? Le constat d'huissier est la preuve par excellence. Matuile vous dit tout sur le sujet.","robots":{"index":"index","follow":"follow","max-snippet":"max-snippet:-1","max-image-preview":"max-image-preview:large","max-video-preview":"max-video-preview:-1"},"canonical":"https:\/\/matuile.com\/media\/discrimination-travail-constat-huissier\/","og_locale":"fr_FR","og_type":"article","og_title":"Discrimination au Travail : Constat d'Huissier 24\/7","og_description":"Discrimination au Travail : Comment la prouver ? Le constat d'huissier est la preuve par excellence. Matuile vous dit tout sur le sujet.","og_url":"https:\/\/matuile.com\/media\/discrimination-travail-constat-huissier\/","og_site_name":"Matuile","article_published_time":"2024-05-02T07:13:05+00:00","article_modified_time":"2024-05-02T07:13:06+00:00","og_image":[{"width":1920,"height":1080,"url":"https:\/\/matuile.com\/media\/wp-content\/uploads\/2023\/11\/discrimination-travail.png","type":"image\/png"}],"author":"Ivry","twitter_card":"summary_large_image","twitter_misc":{"\u00c9crit par":"Ivry","Dur\u00e9e de lecture estim\u00e9e":"10 minutes"},"schema":{"@context":"https:\/\/schema.org","@graph":[{"@type":"Article","@id":"https:\/\/matuile.com\/media\/discrimination-travail-constat-huissier\/#article","isPartOf":{"@id":"https:\/\/matuile.com\/media\/discrimination-travail-constat-huissier\/"},"author":{"name":"Ivry","@id":"https:\/\/matuile.com\/media\/#\/schema\/person\/cab3567a026e668d3705f4f6a6135484"},"headline":"Discrimination au travail : Le constat d&rsquo;huissier, arme juridique face \u00e0 l&rsquo;injustice","datePublished":"2024-05-02T07:13:05+00:00","dateModified":"2024-05-02T07:13:06+00:00","mainEntityOfPage":{"@id":"https:\/\/matuile.com\/media\/discrimination-travail-constat-huissier\/"},"wordCount":1977,"commentCount":0,"publisher":{"@id":"https:\/\/matuile.com\/media\/#organization"},"image":{"@id":"https:\/\/matuile.com\/media\/discrimination-travail-constat-huissier\/#primaryimage"},"thumbnailUrl":"https:\/\/matuile.com\/media\/wp-content\/uploads\/2023\/11\/discrimination-travail.png","articleSection":["Discrimination","Huissier de justice"],"inLanguage":"fr-FR","potentialAction":[{"@type":"CommentAction","name":"Comment","target":["https:\/\/matuile.com\/media\/discrimination-travail-constat-huissier\/#respond"]}]},{"@type":"WebPage","@id":"https:\/\/matuile.com\/media\/discrimination-travail-constat-huissier\/","url":"https:\/\/matuile.com\/media\/discrimination-travail-constat-huissier\/","name":"Discrimination au Travail : Constat d'Huissier 24\/7","isPartOf":{"@id":"https:\/\/matuile.com\/media\/#website"},"primaryImageOfPage":{"@id":"https:\/\/matuile.com\/media\/discrimination-travail-constat-huissier\/#primaryimage"},"image":{"@id":"https:\/\/matuile.com\/media\/discrimination-travail-constat-huissier\/#primaryimage"},"thumbnailUrl":"https:\/\/matuile.com\/media\/wp-content\/uploads\/2023\/11\/discrimination-travail.png","datePublished":"2024-05-02T07:13:05+00:00","dateModified":"2024-05-02T07:13:06+00:00","description":"Discrimination au Travail : Comment la prouver ? Le constat d'huissier est la preuve par excellence. Matuile vous dit tout sur le sujet.","breadcrumb":{"@id":"https:\/\/matuile.com\/media\/discrimination-travail-constat-huissier\/#breadcrumb"},"inLanguage":"fr-FR","potentialAction":[{"@type":"ReadAction","target":["https:\/\/matuile.com\/media\/discrimination-travail-constat-huissier\/"]}]},{"@type":"ImageObject","inLanguage":"fr-FR","@id":"https:\/\/matuile.com\/media\/discrimination-travail-constat-huissier\/#primaryimage","url":"https:\/\/matuile.com\/media\/wp-content\/uploads\/2023\/11\/discrimination-travail.png","contentUrl":"https:\/\/matuile.com\/media\/wp-content\/uploads\/2023\/11\/discrimination-travail.png","width":1920,"height":1080,"caption":"discrimination travail"},{"@type":"BreadcrumbList","@id":"https:\/\/matuile.com\/media\/discrimination-travail-constat-huissier\/#breadcrumb","itemListElement":[{"@type":"ListItem","position":1,"name":"Accueil","item":"https:\/\/matuile.com\/media\/"},{"@type":"ListItem","position":2,"name":"Huissier de justice","item":"https:\/\/matuile.com\/media\/category\/guide-huissier-de-justice\/"},{"@type":"ListItem","position":3,"name":"Discrimination au travail : Le constat d&rsquo;huissier, arme juridique face \u00e0 l&rsquo;injustice"}]},{"@type":"WebSite","@id":"https:\/\/matuile.com\/media\/#website","url":"https:\/\/matuile.com\/media\/","name":"Matuile Blog","description":"La solution \u00e0 votre urgence","publisher":{"@id":"https:\/\/matuile.com\/media\/#organization"},"alternateName":"Matuile","potentialAction":[{"@type":"SearchAction","target":{"@type":"EntryPoint","urlTemplate":"https:\/\/matuile.com\/media\/?s={search_term_string}"},"query-input":{"@type":"PropertyValueSpecification","valueRequired":true,"valueName":"search_term_string"}}],"inLanguage":"fr-FR"},{"@type":"Organization","@id":"https:\/\/matuile.com\/media\/#organization","name":"Matuile","url":"https:\/\/matuile.com\/media\/","logo":{"@type":"ImageObject","inLanguage":"fr-FR","@id":"https:\/\/matuile.com\/media\/#\/schema\/logo\/image\/","url":"https:\/\/matuile.com\/media\/wp-content\/uploads\/2023\/04\/Matuile.png","contentUrl":"https:\/\/matuile.com\/media\/wp-content\/uploads\/2023\/04\/Matuile.png","width":700,"height":700,"caption":"Matuile"},"image":{"@id":"https:\/\/matuile.com\/media\/#\/schema\/logo\/image\/"}},{"@type":"Person","@id":"https:\/\/matuile.com\/media\/#\/schema\/person\/cab3567a026e668d3705f4f6a6135484","name":"Ivry","image":{"@type":"ImageObject","inLanguage":"fr-FR","@id":"https:\/\/secure.gravatar.com\/avatar\/daa54e258373150ac657a2cc95b2d0a028bfcd43b4c07bf290a1ece06fc71a39?s=96&d=mm&r=g","url":"https:\/\/secure.gravatar.com\/avatar\/daa54e258373150ac657a2cc95b2d0a028bfcd43b4c07bf290a1ece06fc71a39?s=96&d=mm&r=g","contentUrl":"https:\/\/secure.gravatar.com\/avatar\/daa54e258373150ac657a2cc95b2d0a028bfcd43b4c07bf290a1ece06fc71a39?s=96&d=mm&r=g","caption":"Ivry"},"sameAs":["https:\/\/www.linkedin.com\/in\/ivry-cagnac\/"],"url":"https:\/\/matuile.com\/media\/author\/matuile\/"}]}},"_links":{"self":[{"href":"https:\/\/matuile.com\/media\/wp-json\/wp\/v2\/posts\/42245","targetHints":{"allow":["GET"]}}],"collection":[{"href":"https:\/\/matuile.com\/media\/wp-json\/wp\/v2\/posts"}],"about":[{"href":"https:\/\/matuile.com\/media\/wp-json\/wp\/v2\/types\/post"}],"author":[{"embeddable":true,"href":"https:\/\/matuile.com\/media\/wp-json\/wp\/v2\/users\/3"}],"replies":[{"embeddable":true,"href":"https:\/\/matuile.com\/media\/wp-json\/wp\/v2\/comments?post=42245"}],"version-history":[{"count":36,"href":"https:\/\/matuile.com\/media\/wp-json\/wp\/v2\/posts\/42245\/revisions"}],"predecessor-version":[{"id":50798,"href":"https:\/\/matuile.com\/media\/wp-json\/wp\/v2\/posts\/42245\/revisions\/50798"}],"wp:featuredmedia":[{"embeddable":true,"href":"https:\/\/matuile.com\/media\/wp-json\/wp\/v2\/media\/42256"}],"wp:attachment":[{"href":"https:\/\/matuile.com\/media\/wp-json\/wp\/v2\/media?parent=42245"}],"wp:term":[{"taxonomy":"category","embeddable":true,"href":"https:\/\/matuile.com\/media\/wp-json\/wp\/v2\/categories?post=42245"},{"taxonomy":"post_tag","embeddable":true,"href":"https:\/\/matuile.com\/media\/wp-json\/wp\/v2\/tags?post=42245"}],"curies":[{"name":"wp","href":"https:\/\/api.w.org\/{rel}","templated":true}]}}